{"id":19223,"date":"2026-08-31T08:55:00","date_gmt":"2026-08-31T08:55:00","guid":{"rendered":"https:\/\/aeprilclinics.nl\/polyphil-face-dna-de-salmao-para-o-seu-rosto\/"},"modified":"2026-08-31T08:56:06","modified_gmt":"2026-08-31T08:56:06","slug":"polyphil-face-dna-de-salmao-para-o-seu-rosto","status":"publish","type":"post","link":"https:\/\/aeprilclinics.nl\/pt-br\/2026\/08\/31\/polyphil-face-dna-de-salmao-para-o-seu-rosto\/","title":{"rendered":"PolyPhil Face: DNA de salm\u00e3o para o seu rosto"},"content":{"rendered":"\n<p class=\"wp-block-paragraph\"><strong>Uma pele mais seca, sem brilho ou menos firme nem sempre precisa de volume. \u00c0s vezes, o que voc\u00ea quer mesmo \u00e9 melhorar a qualidade da sua pele. O PolyPhil Face \u00e9 voltado para isso e usa polinucleot\u00eddeos, tamb\u00e9m conhecidos como DNA de salm\u00e3o. Neste blog, voc\u00ea vai descobrir o que o PolyPhil Face faz pela pele do rosto, como \u00e9 o tratamento e o que voc\u00ea pode esperar dele.   <\/strong><\/p>\n\n<div style=\"height:25px\" aria-hidden=\"true\" class=\"wp-block-spacer\"><\/div>\n\n<div class=\"wp-block-media-text is-stacked-on-mobile is-image-fill-element\"><figure class=\"wp-block-media-text__media\"><img loading=\"lazy\" decoding=\"async\" width=\"683\" height=\"1024\" src=\"https:\/\/aeprilclinics.nl\/wp-content\/uploads\/2026\/03\/Polynucleotiden-Aepril-Clinics-683x1024.png\" alt=\"\" class=\"wp-image-5517 size-full\" style=\"object-position:50% 50%\" srcset=\"https:\/\/aeprilclinics.nl\/wp-content\/uploads\/2026\/03\/Polynucleotiden-Aepril-Clinics-683x1024.png 683w, https:\/\/aeprilclinics.nl\/wp-content\/uploads\/2026\/03\/Polynucleotiden-Aepril-Clinics-200x300.png 200w, https:\/\/aeprilclinics.nl\/wp-content\/uploads\/2026\/03\/Polynucleotiden-Aepril-Clinics-768x1152.png 768w, https:\/\/aeprilclinics.nl\/wp-content\/uploads\/2026\/03\/Polynucleotiden-Aepril-Clinics-180x270.png 180w, https:\/\/aeprilclinics.nl\/wp-content\/uploads\/2026\/03\/Polynucleotiden-Aepril-Clinics.png 1024w\" sizes=\"auto, (max-width: 683px) 100vw, 683px\" \/><\/figure><div class=\"wp-block-media-text__content\">\n<h5 class=\"wp-block-heading\">Antes de mais nada, s\u00f3 isso<\/h5>\n\n\n\n<h2 class=\"wp-block-heading\">Afinal, o que \u00e9 o DNA de salm\u00e3o?<\/h2>\n\n\n\n<p class=\"wp-block-paragraph\">O nome <em>\u201cSalmon DNA\u201d<\/em> pode parecer um pouco estranho. No caso do <a href=\"https:\/\/aeprilclinics.nl\/pt-br\/melhoria-da-pele\/polyphil-salmon-dna-tratamento-facial\/\" data-type=\"behandeling\" data-id=\"4868\">PolyPhil<\/a>, trata-se de <strong>polinucleot\u00eddeos<\/strong>: pequenos fragmentos de DNA que s\u00e3o usados para apoiar os processos naturais da pele. <\/p>\n\n\n\n<p class=\"wp-block-paragraph\">O tratamento \u00e9, portanto, bem diferente de um preenchimento. N\u00e3o se busca, por exemplo, deixar suas ma\u00e7\u00e3s do rosto mais salientes ou mudar o contorno do seu rosto. O foco est\u00e1 em <strong>melhorar a pele por dentro<\/strong>.  <\/p>\n\n\n\n<p class=\"wp-block-paragraph\">Quer saber mais sobre o princ\u00edpio ativo primeiro? No nosso blog <strong><a href=\"https:\/\/aeprilclinics.nl\/pt-br\/2026\/03\/02\/o-que-sao-polinucleotideos-e-eles-realmente-funcionam\/\" data-type=\"post\" data-id=\"5516\">O que s\u00e3o polinucleot\u00eddeos e eles realmente funcionam?<\/a><\/strong> , a gente fala mais detalhadamente sobre os polinucleot\u00eddeos. <\/p>\n<\/div><\/div>\n\n<div style=\"height:50px\" aria-hidden=\"true\" class=\"wp-block-spacer\"><\/div>\n\n<div class=\"wp-block-media-text has-media-on-the-right is-stacked-on-mobile is-image-fill-element\"><div class=\"wp-block-media-text__content\">\n<h5 class=\"wp-block-heading\">Qualidade da pele<\/h5>\n\n\n\n<h2 class=\"wp-block-heading\">O que o PolyPhil Face faz pela sua pele?<\/h2>\n\n\n\n<p class=\"wp-block-paragraph\">O PolyPhil Face \u00e9 usado quando a pele precisa de um apoio extra. Pense numa pele que parece menos firme, que ficou um pouco mais seca ou que est\u00e1 come\u00e7ando a perder aquele brilho. <\/p>\n\n\n\n<p class=\"wp-block-paragraph\">O tratamento se concentra, entre outras coisas, em:<\/p>\n\n\n\n<ul class=\"wp-block-list\">\n<li>Ajudar na produ\u00e7\u00e3o de col\u00e1geno;<\/li>\n\n\n\n<li>Hidrata\u00e7\u00e3o da pele;<\/li>\n\n\n\n<li>Melhoria na textura da pele;<\/li>\n\n\n\n<li>Mais firmeza e elasticidade;<\/li>\n\n\n\n<li>Suavizar as linhas finas;<\/li>\n\n\n\n<li>Uma apar\u00eancia mais revigorada da pele.<\/li>\n<\/ul>\n\n\n\n<p class=\"wp-block-paragraph\">Ent\u00e3o, o objetivo n\u00e3o \u00e9 que seu rosto fique diferente depois do tratamento.  <strong>Voc\u00ea trabalha diretamente na pele.<\/strong>  Isso faz com que o PolyPhil seja uma boa op\u00e7\u00e3o se voc\u00ea quer melhorar a apar\u00eancia da pele sem ganhar volume extra.<\/p>\n<\/div><figure class=\"wp-block-media-text__media\"><img loading=\"lazy\" decoding=\"async\" width=\"1024\" height=\"768\" src=\"https:\/\/aeprilclinics.nl\/wp-content\/uploads\/2026\/05\/Profhilo-stralende-huid-1024x768.png\" alt=\"\" class=\"wp-image-6062 size-full\" style=\"object-position:50% 50%\" srcset=\"https:\/\/aeprilclinics.nl\/wp-content\/uploads\/2026\/05\/Profhilo-stralende-huid-1024x768.png 1024w, https:\/\/aeprilclinics.nl\/wp-content\/uploads\/2026\/05\/Profhilo-stralende-huid-300x225.png 300w, https:\/\/aeprilclinics.nl\/wp-content\/uploads\/2026\/05\/Profhilo-stralende-huid-768x576.png 768w, https:\/\/aeprilclinics.nl\/wp-content\/uploads\/2026\/05\/Profhilo-stralende-huid-360x270.png 360w, https:\/\/aeprilclinics.nl\/wp-content\/uploads\/2026\/05\/Profhilo-stralende-huid.png 1448w\" sizes=\"auto, (max-width: 1024px) 100vw, 1024px\" \/><\/figure><\/div>\n\n<div style=\"height:50px\" aria-hidden=\"true\" class=\"wp-block-spacer\"><\/div>\n\n<div class=\"wp-block-media-text is-stacked-on-mobile is-image-fill-element\"><figure class=\"wp-block-media-text__media\"><img loading=\"lazy\" decoding=\"async\" width=\"1024\" height=\"683\" src=\"https:\/\/aeprilclinics.nl\/wp-content\/uploads\/2026\/07\/Profhilo-Body-slappe-huid-armen-2-1024x683.png\" alt=\"\" class=\"wp-image-13294 size-full\" style=\"object-position:50% 50%\" srcset=\"https:\/\/aeprilclinics.nl\/wp-content\/uploads\/2026\/07\/Profhilo-Body-slappe-huid-armen-2-1024x683.png 1024w, https:\/\/aeprilclinics.nl\/wp-content\/uploads\/2026\/07\/Profhilo-Body-slappe-huid-armen-2-300x200.png 300w, https:\/\/aeprilclinics.nl\/wp-content\/uploads\/2026\/07\/Profhilo-Body-slappe-huid-armen-2-768x512.png 768w, https:\/\/aeprilclinics.nl\/wp-content\/uploads\/2026\/07\/Profhilo-Body-slappe-huid-armen-2-405x270.png 405w, https:\/\/aeprilclinics.nl\/wp-content\/uploads\/2026\/07\/Profhilo-Body-slappe-huid-armen-2.png 1536w\" sizes=\"auto, (max-width: 1024px) 100vw, 1024px\" \/><\/figure><div class=\"wp-block-media-text__content\">\n<h5 class=\"wp-block-heading\">Rosto<\/h5>\n\n\n\n<h2 class=\"wp-block-heading\">Quais \u00e1reas voc\u00ea pode tratar com o PolyPhil Face?<\/h2>\n\n\n\n<p class=\"wp-block-paragraph\">O PolyPhil Face foi desenvolvido para melhorar a apar\u00eancia da pele do rosto. As \u00e1reas que v\u00e3o receber aten\u00e7\u00e3o dependem da sua pele e dos pontos que voc\u00ea mesmo quer melhorar. <\/p>\n\n\n\n<p class=\"wp-block-paragraph\">A pele ao redor dos olhos, por exemplo, exige um tratamento diferente. Para isso, a Aepril Clinics oferece <strong><a href=\"https:\/\/aeprilclinics.nl\/pt-br\/melhoria-da-pele\/polyphil-salmon-dna-tratamento-dos-olhos\/\" data-type=\"behandeling\" data-id=\"1484\">o PolyPhil Salmon DNA Eyes<\/a><\/strong> . Para o cabelo e o couro cabeludo, tem o <strong><a href=\"https:\/\/aeprilclinics.nl\/pt-br\/melhoria-da-pele\/polyphil-salmon-dna-tratamento-capilar\/\" data-type=\"behandeling\" data-id=\"4873\">o PolyPhil Salmon DNA Hair<\/a><\/strong>.  <\/p>\n\n\n\n<p class=\"wp-block-paragraph\">Assim, o tratamento pode ser adaptado \u00e0 zona em quest\u00e3o, em vez de usar a mesma abordagem em todos os lugares.<\/p>\n<\/div><\/div>\n\n<div style=\"height:50px\" aria-hidden=\"true\" class=\"wp-block-spacer\"><\/div>\n\n<div class=\"wp-block-media-text has-media-on-the-right is-stacked-on-mobile is-image-fill-element\"><div class=\"wp-block-media-text__content\">\n<h5 class=\"wp-block-heading\">Tratamento<\/h5>\n\n\n\n<h2 class=\"wp-block-heading\">Como funciona um tratamento com o PolyPhil Face?<\/h2>\n\n\n\n<p class=\"wp-block-paragraph\">Antes do tratamento, a gente d\u00e1 uma olhada na sua pele e conversamos sobre o que voc\u00ea quer melhorar. Com base nisso, a gente decide se o PolyPhil Face \u00e9 a op\u00e7\u00e3o certa pra voc\u00ea. Durante o tratamento, os polinucleot\u00eddeos s\u00e3o aplicados na pele por meio de pequenas inje\u00e7\u00f5es. Depois, o produto tem um tempo pra agir na pele.   <\/p>\n\n\n\n<p class=\"wp-block-paragraph\">Por isso, o resultado <strong>n\u00e3o<\/strong> aparece <strong>da hora para a outra<\/strong>. Isso tamb\u00e9m se encaixa no objetivo do tratamento: n\u00e3o \u00e9 uma mudan\u00e7a imediata no volume, mas uma melhora gradual na qualidade da pele. <\/p>\n\n\n\n<blockquote class=\"wp-block-quote is-layout-flow wp-block-quote-is-layout-flow\">\n<p class=\"wp-block-paragraph\"><strong>\u00c9 bom saber:<\/strong> voc\u00ea est\u00e1 vendo pequenos pontos de picada ou incha\u00e7os logo ap\u00f3s o tratamento? Isso pode acontecer em um tratamento cut\u00e2neo injet\u00e1vel e n\u00e3o tem nada a ver com o resultado final. <\/p>\n<\/blockquote>\n<\/div><figure class=\"wp-block-media-text__media\"><img loading=\"lazy\" decoding=\"async\" width=\"683\" height=\"1024\" src=\"https:\/\/aeprilclinics.nl\/wp-content\/uploads\/2025\/01\/BN4A0034-1-1-683x1024.jpg\" alt=\"\" class=\"wp-image-1009 size-full\" style=\"object-position:50% 50%\" srcset=\"https:\/\/aeprilclinics.nl\/wp-content\/uploads\/2025\/01\/BN4A0034-1-1-683x1024.jpg 683w, https:\/\/aeprilclinics.nl\/wp-content\/uploads\/2025\/01\/BN4A0034-1-1-200x300.jpg 200w, https:\/\/aeprilclinics.nl\/wp-content\/uploads\/2025\/01\/BN4A0034-1-1-768x1152.jpg 768w, https:\/\/aeprilclinics.nl\/wp-content\/uploads\/2025\/01\/BN4A0034-1-1-1024x1536.jpg 1024w, https:\/\/aeprilclinics.nl\/wp-content\/uploads\/2025\/01\/BN4A0034-1-1-1365x2048.jpg 1365w, https:\/\/aeprilclinics.nl\/wp-content\/uploads\/2025\/01\/BN4A0034-1-1-180x270.jpg 180w, https:\/\/aeprilclinics.nl\/wp-content\/uploads\/2025\/01\/BN4A0034-1-1-scaled.jpg 1707w\" sizes=\"auto, (max-width: 683px) 100vw, 683px\" \/><\/figure><\/div>\n\n<div style=\"height:50px\" aria-hidden=\"true\" class=\"wp-block-spacer\"><\/div>\n\n<div class=\"wp-block-media-text is-stacked-on-mobile is-image-fill-element\"><figure class=\"wp-block-media-text__media\"><img loading=\"lazy\" decoding=\"async\" width=\"683\" height=\"1024\" src=\"https:\/\/aeprilclinics.nl\/wp-content\/uploads\/2025\/01\/BN4A8655-683x1024.jpg\" alt=\"\" class=\"wp-image-1007 size-full\" style=\"object-position:50% 50%\" srcset=\"https:\/\/aeprilclinics.nl\/wp-content\/uploads\/2025\/01\/BN4A8655-683x1024.jpg 683w, https:\/\/aeprilclinics.nl\/wp-content\/uploads\/2025\/01\/BN4A8655-200x300.jpg 200w, https:\/\/aeprilclinics.nl\/wp-content\/uploads\/2025\/01\/BN4A8655-768x1152.jpg 768w, https:\/\/aeprilclinics.nl\/wp-content\/uploads\/2025\/01\/BN4A8655-1024x1536.jpg 1024w, https:\/\/aeprilclinics.nl\/wp-content\/uploads\/2025\/01\/BN4A8655-1365x2048.jpg 1365w, https:\/\/aeprilclinics.nl\/wp-content\/uploads\/2025\/01\/BN4A8655-180x270.jpg 180w, https:\/\/aeprilclinics.nl\/wp-content\/uploads\/2025\/01\/BN4A8655-scaled.jpg 1707w\" sizes=\"auto, (max-width: 683px) 100vw, 683px\" \/><\/figure><div class=\"wp-block-media-text__content\">\n<h5 class=\"wp-block-heading\">Comparar<\/h5>\n\n\n\n<h2 class=\"wp-block-heading\">PolyPhil Face ou Profhilo: qual \u00e9 a diferen\u00e7a?<\/h2>\n\n\n\n<p class=\"wp-block-paragraph\">Ambos os tratamentos t\u00eam como objetivo melhorar a pele, ent\u00e3o faz sentido que o PolyPhil e <a href=\"https:\/\/aeprilclinics.nl\/pt-br\/melhoria-da-pele\/tratamento-profhilo\/\">o Profhilo<\/a> sejam comparados com frequ\u00eancia. Mas eles n\u00e3o funcionam da mesma forma: <\/p>\n\n\n\n<figure class=\"wp-block-table\"><table class=\"has-fixed-layout\"><thead><tr><th><\/th><th>PolyPhil Face<\/th><th>Profhilo<\/th><\/tr><\/thead><tbody><tr><td>B\u00e1sico<\/td><td>Polinucleot\u00eddeos<\/td><td>\u00c1cido hialur\u00f4nico<\/td><\/tr><tr><td>Foco<\/td><td>Apoiar a qualidade e a renova\u00e7\u00e3o da pele<\/td><td>Hidrata\u00e7\u00e3o e qualidade da pele<\/td><\/tr><tr><td>Aumentar o volume<\/td><td>N\u00e3o<\/td><td>N\u00e3o<\/td><\/tr><tr><td>Usado para<\/td><td>Pele do rosto<\/td><td>Rosto e outras \u00e1reas de tratamento<\/td><\/tr><\/tbody><\/table><\/figure>\n\n\n\n<p class=\"wp-block-paragraph\">Qual das duas op\u00e7\u00f5es combina melhor com voc\u00ea depende, principalmente, <strong>das necessidades da sua pele<\/strong>. Al\u00e9m disso, nem sempre \u00e9 preciso escolher entre uma ou outra. Em alguns planos de tratamento, diferentes tratamentos para melhorar a pele podem se complementar.  <\/p>\n<\/div><\/div>\n\n<div style=\"height:50px\" aria-hidden=\"true\" class=\"wp-block-spacer\"><\/div>\n\n<div class=\"wp-block-media-text has-media-on-the-right is-stacked-on-mobile is-image-fill-element\"><div class=\"wp-block-media-text__content\">\n<h5 class=\"wp-block-heading\">Resultado<\/h5>\n\n\n\n<h2 class=\"wp-block-heading\">Quando voc\u00ea come\u00e7a a ver os resultados do PolyPhil Face?<\/h2>\n\n\n\n<p class=\"wp-block-paragraph\">Como o PolyPhil Face atua nos processos da pele, o resultado aparece aos poucos. Ent\u00e3o, n\u00e3o espere uma mudan\u00e7a imediata, como acontece com um preenchimento. <\/p>\n\n\n\n<p class=\"wp-block-paragraph\">A melhora est\u00e1 justamente em aspectos como <strong>estrutura, hidrata\u00e7\u00e3o, firmeza e apar\u00eancia<\/strong>. O quanto voc\u00ea vai notar isso varia de acordo com o tipo de pele e tamb\u00e9m depende da sua situa\u00e7\u00e3o inicial e do seu plano de tratamento. <\/p>\n\n\n\n<p class=\"wp-block-paragraph\">Essa \u00e9 uma diferen\u00e7a importante em rela\u00e7\u00e3o aos tratamentos que aumentam o volume de forma imediata: no caso do PolyPhil, o resultado pode, ao contr\u00e1rio, ser sutil.<\/p>\n<\/div><figure class=\"wp-block-media-text__media\"><img loading=\"lazy\" decoding=\"async\" width=\"683\" height=\"1024\" src=\"https:\/\/aeprilclinics.nl\/wp-content\/uploads\/2025\/01\/BN4A9197-683x1024.jpg\" alt=\"\" class=\"wp-image-1015 size-full\" style=\"object-position:50% 50%\" srcset=\"https:\/\/aeprilclinics.nl\/wp-content\/uploads\/2025\/01\/BN4A9197-683x1024.jpg 683w, https:\/\/aeprilclinics.nl\/wp-content\/uploads\/2025\/01\/BN4A9197-200x300.jpg 200w, https:\/\/aeprilclinics.nl\/wp-content\/uploads\/2025\/01\/BN4A9197-768x1152.jpg 768w, https:\/\/aeprilclinics.nl\/wp-content\/uploads\/2025\/01\/BN4A9197-1024x1536.jpg 1024w, https:\/\/aeprilclinics.nl\/wp-content\/uploads\/2025\/01\/BN4A9197-1365x2048.jpg 1365w, https:\/\/aeprilclinics.nl\/wp-content\/uploads\/2025\/01\/BN4A9197-180x270.jpg 180w, https:\/\/aeprilclinics.nl\/wp-content\/uploads\/2025\/01\/BN4A9197-scaled.jpg 1707w\" sizes=\"auto, (max-width: 683px) 100vw, 683px\" \/><\/figure><\/div>\n\n<div style=\"height:50px\" aria-hidden=\"true\" class=\"wp-block-spacer\"><\/div>\n\n<div class=\"wp-block-media-text is-stacked-on-mobile is-image-fill-element\"><figure class=\"wp-block-media-text__media\"><img loading=\"lazy\" decoding=\"async\" width=\"1024\" height=\"683\" src=\"https:\/\/aeprilclinics.nl\/wp-content\/uploads\/2026\/07\/Profhilo-Body-slappe-huid-armen-1024x683.png\" alt=\"\" class=\"wp-image-13287 size-full\" style=\"object-position:50% 50%\" srcset=\"https:\/\/aeprilclinics.nl\/wp-content\/uploads\/2026\/07\/Profhilo-Body-slappe-huid-armen-1024x683.png 1024w, https:\/\/aeprilclinics.nl\/wp-content\/uploads\/2026\/07\/Profhilo-Body-slappe-huid-armen-300x200.png 300w, https:\/\/aeprilclinics.nl\/wp-content\/uploads\/2026\/07\/Profhilo-Body-slappe-huid-armen-768x512.png 768w, https:\/\/aeprilclinics.nl\/wp-content\/uploads\/2026\/07\/Profhilo-Body-slappe-huid-armen-405x270.png 405w, https:\/\/aeprilclinics.nl\/wp-content\/uploads\/2026\/07\/Profhilo-Body-slappe-huid-armen.png 1536w\" sizes=\"auto, (max-width: 1024px) 100vw, 1024px\" \/><\/figure><div class=\"wp-block-media-text__content\">\n<h5 class=\"wp-block-heading\">Resultado sutil e duradouro<\/h5>\n\n\n\n<h2 class=\"wp-block-heading\">Quanto tempo dura o efeito?<\/h2>\n\n\n\n<p class=\"wp-block-paragraph\">O efeito do PolyPhil Face n\u00e3o \u00e9 permanente. De acordo com as informa\u00e7\u00f5es atuais da Aepril Clinics, o efeito dura, em m\u00e9dia, de <strong>6 a 12 meses<\/strong>. <\/p>\n\n\n\n<p class=\"wp-block-paragraph\">A rea\u00e7\u00e3o da sua pele e o momento em que faz sentido fazer um novo tratamento podem variar de pessoa para pessoa. Por isso, preferimos avaliar a sua pele em vez de nos basearmos automaticamente em uma data fixa no calend\u00e1rio. <\/p>\n<\/div><\/div>\n\n<div style=\"height:50px\" aria-hidden=\"true\" class=\"wp-block-spacer\"><\/div>\n\n<div class=\"wp-block-media-text has-media-on-the-right is-stacked-on-mobile is-image-fill-element\"><div class=\"wp-block-media-text__content\">\n<h5 class=\"wp-block-heading\">Tarifas<\/h5>\n\n\n\n<h2 class=\"wp-block-heading\">Quanto custa o PolyPhil Face?<\/h2>\n\n\n\n<p class=\"wp-block-paragraph\">Voc\u00ea encontra o pre\u00e7o atual do PolyPhil Face na nossa <a href=\"https:\/\/aeprilclinics.nl\/pt-br\/tarifas\/\">p\u00e1gina de pre\u00e7os<\/a>. L\u00e1 voc\u00ea tamb\u00e9m pode conferir os pre\u00e7os de outros tratamentos para melhorar a pele. <\/p>\n<\/div><figure class=\"wp-block-media-text__media\"><img loading=\"lazy\" decoding=\"async\" width=\"768\" height=\"1024\" src=\"https:\/\/aeprilclinics.nl\/wp-content\/uploads\/2025\/11\/IMG_8565-768x1024.jpg\" alt=\"\" class=\"wp-image-4364 size-full\" style=\"object-position:50% 50%\" srcset=\"https:\/\/aeprilclinics.nl\/wp-content\/uploads\/2025\/11\/IMG_8565-768x1024.jpg 768w, https:\/\/aeprilclinics.nl\/wp-content\/uploads\/2025\/11\/IMG_8565-225x300.jpg 225w, https:\/\/aeprilclinics.nl\/wp-content\/uploads\/2025\/11\/IMG_8565-1152x1536.jpg 1152w, https:\/\/aeprilclinics.nl\/wp-content\/uploads\/2025\/11\/IMG_8565-1536x2048.jpg 1536w, https:\/\/aeprilclinics.nl\/wp-content\/uploads\/2025\/11\/IMG_8565-203x270.jpg 203w, https:\/\/aeprilclinics.nl\/wp-content\/uploads\/2025\/11\/IMG_8565-scaled.jpg 1920w\" sizes=\"auto, (max-width: 768px) 100vw, 768px\" \/><\/figure><\/div>\n\n<div class=\"wp-block-cover alignfull is-light wave\" style=\"margin-top:0;margin-bottom:0;padding-bottom:var(--wp--preset--spacing--30)\"><span aria-hidden=\"true\" class=\"wp-block-cover__background has-accent-background-color has-background-dim-100 has-background-dim\"><\/span><div class=\"wp-block-cover__inner-container has-global-padding is-layout-constrained wp-block-cover-is-layout-constrained\">\n<h2 class=\"wp-block-heading has-text-align-center\">O PolyPhil Face combina com a sua pele?<\/h2>\n\n\n\n<p class=\"has-text-align-center wp-block-paragraph\">Voc\u00ea quer, acima de tudo, melhorar a qualidade da sua pele, mas n\u00e3o sabe se o PolyPhil Face, o Profhilo ou outro tratamento \u00e9 o mais adequado para isso? Durante uma consulta, vamos examinar sua pele e conversar sobre o que voc\u00ea gostaria de melhorar. Assim, podemos te dar uma orienta\u00e7\u00e3o espec\u00edfica sobre qual tratamento \u00e9 mais adequado para o seu caso.  <\/p>\n\n\n\n<div class=\"wp-block-buttons is-content-justification-center is-layout-flex wp-container-core-buttons-is-layout-0aa01211 wp-block-buttons-is-layout-flex\">\n<div class=\"wp-block-button\"><a class=\"wp-block-button__link has-base-color has-accent-3-background-color has-text-color has-background has-link-color wp-element-button\" href=\"https:\/\/aeprilclinics.nl\/pt-br\/agende-uma-consulta-gratuita\/\">Marque uma consulta<\/a><\/div>\n<\/div>\n<\/div><\/div>\n\n<style>.medical-review {\n        display: grid;\n        grid-template-columns: minmax(210px, 260px) minmax(0, 1fr);\n        gap: clamp(32px, 5vw, 72px);\n        align-items: start;\n        margin: 48px 0;\n        padding: clamp(32px, 5vw, 64px);\n        background: #f7f3ef;\n        border-radius: 32px;\n        color: #252321;\n    }\n\n    .medical-review__image {\n        width: 100%;\n        max-width: 260px;\n        margin: 0;\n    }\n\n    .medical-review__photo {\n        position: relative;\n        width: 100%;\n        aspect-ratio: 4 \/ 5;\n        overflow: hidden;\n        background: #eee9e4;\n        border-radius: 100px 100px 30px 30px;\n    }\n\n    .medical-review__photo img {\n        position: absolute !important;\n        inset: 0;\n        display: block !important;\n        width: 100% !important;\n        max-width: none !important;\n        height: 100% !important;\n        min-height: 100% !important;\n        margin: 0 !important;\n        padding: 0 !important;\n        object-fit: cover !important;\n        object-position: center 20% !important;\n        border: 0 !important;\n        border-radius: 0 !important;\n    }\n\n    .medical-review__identity {\n        display: block;\n        margin-top: 20px;\n    }\n\n    .medical-review__name {\n        display: block;\n        margin-bottom: 4px;\n        color: #252321;\n        font-size: 18px;\n        font-weight: 700;\n        line-height: 1.4;\n    }\n\n    .medical-review__role {\n        display: block;\n        color: #655f5a;\n        font-size: 15px;\n        line-height: 1.55;\n    }\n\n    .medical-review__quote {\n        position: relative;\n        margin: 26px 0 0;\n        padding: 0 0 0 18px;\n        color: #393633;\n        font-size: 17px;\n        font-style: italic;\n        line-height: 1.65;\n        border-left: 2px solid #d6bfa7;\n    }\n\n    .medical-review__quote cite {\n        display: block;\n        margin-top: 8px;\n        color: #77706a;\n        font-size: 13px;\n        font-style: normal;\n    }\n\n    .medical-review__content {\n        min-width: 0;\n    }\n\n    .medical-review__label {\n        display: inline-flex;\n        align-items: center;\n        margin-bottom: 18px;\n        padding: 8px 14px;\n        background: #d6bfa7;\n        color: #252321;\n        font-size: 14px;\n        font-weight: 700;\n        line-height: 1;\n        letter-spacing: 0.08em;\n        text-transform: uppercase;\n    }\n\n    .medical-review__content h2 {\n        margin: 0 0 24px;\n        color: #252321;\n        font-family: Georgia, \"Times New Roman\", serif;\n        font-size: clamp(34px, 4vw, 54px);\n        font-weight: 400;\n        line-height: 1.12;\n    }\n\n    .medical-review__content > p {\n        max-width: 1050px;\n        margin: 0 0 20px;\n        color: #2c2927;\n        font-size: 18px;\n        line-height: 1.75;\n    }\n\n    .medical-review a {\n        color: #94765f;\n        font-weight: 600;\n        text-decoration-thickness: 1px;\n        text-underline-offset: 3px;\n    }\n\n    .medical-review a:hover,\n    .medical-review a:focus-visible {\n        color: #6f5541;\n    }\n\n    .medical-review__specialisms {\n        margin-top: 28px;\n    }\n\n    .medical-review__specialisms-title {\n        display: block;\n        margin-bottom: 12px;\n        color: #252321;\n        font-size: 15px;\n        font-weight: 700;\n    }\n\n    .medical-review__specialisms-list {\n        display: flex;\n        flex-wrap: wrap;\n        gap: 10px;\n        margin: 0;\n        padding: 0;\n        list-style: none;\n    }\n\n    .medical-review__specialisms-list li {\n        margin: 0;\n        padding: 0;\n        list-style: none;\n    }\n\n    .medical-review__specialisms-list a {\n        display: inline-flex;\n        align-items: center;\n        justify-content: center;\n        padding: 9px 14px;\n        background: #eee4da;\n        border: 1px solid transparent;\n        border-radius: 999px;\n        color: #3b3734;\n        font-size: 14px;\n        font-weight: 600;\n        line-height: 1.2;\n        text-decoration: none;\n        transition:\n            background-color 0.2s ease,\n            border-color 0.2s ease,\n            color 0.2s ease,\n            transform 0.2s ease;\n    }\n\n    .medical-review__specialisms-list a:hover,\n    .medical-review__specialisms-list a:focus-visible {\n        background: #d6bfa7;\n        border-color: #c7aa8e;\n        color: #252321;\n        transform: translateY(-1px);\n    }\n\n    .medical-review__meta {\n        display: grid;\n        grid-template-columns: repeat(2, minmax(0, 1fr));\n        gap: 20px 40px;\n        margin-top: 34px;\n        padding-top: 30px;\n        border-top: 1px solid #ded7d0;\n    }\n\n    .medical-review__meta-item {\n        display: flex;\n        gap: 16px;\n        align-items: center;\n        min-width: 0;\n    }\n\n    .medical-review__meta-item p {\n        margin: 0;\n        color: #2c2927;\n        font-size: 16px;\n        line-height: 1.55;\n    }\n\n    .medical-review__icon {\n        display: inline-flex;\n        flex: 0 0 52px;\n        align-items: center;\n        justify-content: center;\n        width: 52px;\n        height: 52px;\n        background: #eee3d7;\n        border-radius: 50%;\n        color: #252321;\n    }\n\n    .medical-review__icon svg {\n        width: 24px;\n        height: 24px;\n        fill: none;\n        stroke: currentColor;\n        stroke-width: 1.8;\n        stroke-linecap: round;\n        stroke-linejoin: round;\n    }\n\n    .medical-review__links {\n        display: flex;\n        flex-wrap: wrap;\n        gap: 14px 28px;\n        align-items: center;\n        margin-top: 30px;\n    }\n\n    .medical-review__button {\n        display: inline-flex;\n        align-items: center;\n        justify-content: center;\n        min-height: 48px;\n        padding: 12px 20px;\n        background: #252321;\n        border: 1px solid #252321;\n        border-radius: 999px;\n        color: #ffffff !important;\n        font-size: 15px;\n        font-weight: 700;\n        line-height: 1.2;\n        text-align: center;\n        text-decoration: none !important;\n        transition:\n            background-color 0.2s ease,\n            color 0.2s ease;\n    }\n\n    .medical-review__button:hover,\n    .medical-review__button:focus-visible {\n        background: transparent;\n        color: #252321 !important;\n    }\n\n    .medical-review__text-link {\n        font-size: 15px;\n    }\n\n    @media (max-width: 900px) {\n        .medical-review {\n            grid-template-columns: 1fr;\n            gap: 36px;\n            border-radius: 24px;\n        }\n\n        .medical-review__image {\n            max-width: 240px;\n        }\n\n        .medical-review__content h2 {\n            font-size: clamp(32px, 7vw, 46px);\n        }\n    }\n\n    @media (max-width: 600px) {\n        .medical-review {\n            margin: 32px 0;\n            padding: 28px 22px;\n            border-radius: 22px;\n        }\n\n        .medical-review__image {\n            max-width: 220px;\n            margin-inline: auto;\n        }\n\n        .medical-review__content h2 {\n            margin-bottom: 20px;\n            font-size: 32px;\n            line-height: 1.16;\n        }\n\n        .medical-review__content > p {\n            font-size: 16px;\n            line-height: 1.7;\n        }\n\n        .medical-review__specialisms-list {\n            gap: 8px;\n        }\n\n        .medical-review__specialisms-list a {\n            padding: 8px 12px;\n            font-size: 13px;\n        }\n\n        .medical-review__meta {\n            grid-template-columns: 1fr;\n            gap: 20px;\n        }\n\n        .medical-review__links {\n            flex-direction: column;\n            align-items: stretch;\n        }\n\n        .medical-review__button {\n            width: 100%;\n        }\n\n        .medical-review__text-link {\n            display: inline-block;\n        }\n    }\n<\/style><aside class=\"medical-review\" aria-labelledby=\"medical-review-title\"><figure class=\"medical-review__image\"><div class=\"medical-review__photo\"><img decoding=\"async\" src=\"https:\/\/aeprilclinics.nl\/wp-content\/uploads\/2026\/07\/BN4A8634-scaled-1.jpg\" alt=\"Drs. Elnaz Alagha, BIG-geregistreerd cosmetisch arts en medisch directrice van Aepril Clinics\" loading=\"lazy\"\/><\/div><figcaption class=\"medical-review__identity\"><span class=\"medical-review__name\">drs. Elnaz Alagha\n            <\/span><span class=\"medical-review__role\">BIG-geregistreerd cosmetisch arts<br\/>Eigenaresse en medisch directrice\n            <\/span><\/figcaption><blockquote class=\"medical-review__quote\">\u201cSoms is geen behandeling de beste behandeling.\u201d\n            <cite>\u2014 drs. Elnaz Alagha<\/cite><\/blockquote><\/figure><div class=\"medical-review__content\"><span class=\"medical-review__label\">Medisch gecontroleerd\n        <\/span><h2 id=\"medical-review-title\">Medisch gecontroleerd door drs. Elnaz Alagha\n        <\/h2><p>De medische informatie op deze pagina is gecontroleerd door\n            <a href=\"https:\/\/aeprilclinics.nl\/pt-br\/doutor-elnaz-alagha\/\">drs. Elnaz Alagha\n            <\/a>,\n            BIG-geregistreerd cosmetisch arts, eigenaresse en medisch\n            directrice van Aepril Cosmetic Clinics.\n        <\/p><p>Drs. Elnaz Alagha beoordeelt de informatie op deze pagina op\n            medische juistheid, actualiteit en wetenschappelijke onderbouwing.\n            De inhoud wordt periodiek herzien aan de hand van relevante\n            medische inzichten en geldende kwaliteitskaders binnen de\n            cosmetische geneeskunde.\n        <\/p><div class=\"medical-review__specialisms\"><span class=\"medical-review__specialisms-title\">Specialisaties\n            <\/span><ul class=\"medical-review__specialisms-list\"><li><a href=\"https:\/\/aeprilclinics.nl\/pt-br\/botox\/\">Botulinetoxine\n                    <\/a><\/li><li><a href=\"https:\/\/aeprilclinics.nl\/pt-br\/preenchimentos-2\/\">Fillers\n                    <\/a><\/li><li><a href=\"https:\/\/aeprilclinics.nl\/pt-br\/melhoria-da-pele\/\">Skinboosters\n                    <\/a><\/li><li><a href=\"https:\/\/aeprilclinics.nl\/pt-br\/melhoria-da-pele\/\">Biostimulatoren\n                    <\/a><\/li><li><a href=\"https:\/\/aeprilclinics.nl\/pt-br\/perda-de-peso-medica-com-injecoes\/\">Medisch afvallen\n                    <\/a><\/li><\/ul><\/div><div class=\"medical-review__meta\"><div class=\"medical-review__meta-item\"><span class=\"medical-review__icon\" aria-hidden=\"true\"><svg viewbox=\"0 0 24 24\"><rect x=\"3\" y=\"5\" width=\"18\" height=\"16\" rx=\"2\"><\/rect><path d=\"M8 3v4\"><\/path><path d=\"M16 3v4\"><\/path><path d=\"M3 10h18\"><\/path><path d=\"M8 14h3v3H8z\"><\/path><\/svg><\/span><p><strong>Laatst medisch beoordeeld:<\/strong><br\/><time datetime=\"2026-07-26\">26 juli 2026\n                    <\/time><\/p><\/div><div class=\"medical-review__meta-item\"><span class=\"medical-review__icon\" aria-hidden=\"true\"><svg viewbox=\"0 0 24 24\"><path d=\"M12 3l7 3v5c0 4.8-2.9 8.7-7 10-4.1-1.3-7-5.2-7-10V6l7-3z\"><\/path><path d=\"M9 12l2 2 4-5\"><\/path><\/svg><\/span><p><strong>BIG-nummer:<\/strong><br\/>09932325201\n                <\/p><\/div><\/div><nav class=\"medical-review__links\" aria-label=\"Informatie over de medisch reviewer\"><a class=\"medical-review__button\" href=\"https:\/\/aeprilclinics.nl\/pt-br\/doutor-elnaz-alagha\/\">Bekijk het profiel van drs. Elnaz Alagha\n            <\/a><a class=\"medical-review__text-link\" href=\"https:\/\/zoeken.bigregister.nl\/zorgverlener\/f35d0627-bb20-405c-8b19-e61f66d43c35\" target=\"_blank\" rel=\"noopener noreferrer\">Controleer de BIG-registratie\n            <\/a><a class=\"medical-review__text-link\" href=\"https:\/\/aeprilclinics.nl\/pt-br\/informacoes-medicas\/\">Lees onze medische kwaliteitskaders\n            <\/a><\/nav><\/div><\/aside>\n","protected":false},"excerpt":{"rendered":"<p>Uma pele mais seca, sem brilho ou menos firme nem sempre precisa de volume. \u00c0s vezes, o que voc\u00ea quer mesmo \u00e9 melhorar a qualidade da sua pele. O PolyPhil Face \u00e9 voltado para isso e usa polinucleot\u00eddeos, tamb\u00e9m conhecidos&#8230;<\/p>\n","protected":false},"author":14,"featured_media":10394,"comment_status":"closed","ping_status":"open","sticky":false,"template":"","format":"standard","meta":{"_acf_changed":false,"footnotes":""},"categories":[244],"tags":[],"class_list":["post-19223","post","type-post","status-publish","format-standard","has-post-thumbnail","hentry","category-melhoria-da-pele"],"acf":[],"yoast_head":"<!-- This site is optimized with the Yoast SEO plugin v28.2 - https:\/\/yoast.com\/product\/yoast-seo-wordpress\/ -->\n<title>PolyPhil Face: DNA de salm\u00e3o para o seu rosto - Aepril<\/title>\n<meta name=\"description\" content=\"O que o PolyPhil Face faz pela sua pele? Descubra como o DNA de salm\u00e3o com polinucleot\u00eddeos funciona, para quais necessidades da pele ele \u00e9 indicado e o que voc\u00ea pode esperar.\" \/>\n<meta name=\"robots\" content=\"index, follow, max-snippet:-1, max-image-preview:large, max-video-preview:-1\" \/>\n<link rel=\"canonical\" href=\"https:\/\/aeprilclinics.nl\/pt-br\/2026\/08\/31\/polyphil-face-dna-de-salmao-para-o-seu-rosto\/\" \/>\n<meta property=\"og:locale\" content=\"pt_BR\" \/>\n<meta property=\"og:type\" content=\"article\" \/>\n<meta property=\"og:title\" content=\"PolyPhil Face: DNA de salm\u00e3o para o seu rosto - Aepril\" \/>\n<meta property=\"og:description\" content=\"O que o PolyPhil Face faz pela sua pele? Descubra como o DNA de salm\u00e3o com polinucleot\u00eddeos funciona, para quais necessidades da pele ele \u00e9 indicado e o que voc\u00ea pode esperar.\" \/>\n<meta property=\"og:url\" content=\"https:\/\/aeprilclinics.nl\/pt-br\/2026\/08\/31\/polyphil-face-dna-de-salmao-para-o-seu-rosto\/\" \/>\n<meta property=\"og:site_name\" content=\"Aepril\" \/>\n<meta property=\"article:published_time\" content=\"2026-08-31T08:55:00+00:00\" \/>\n<meta property=\"article:modified_time\" content=\"2026-08-31T08:56:06+00:00\" \/>\n<meta property=\"og:image\" content=\"https:\/\/aeprilclinics.nl\/wp-content\/uploads\/2026\/05\/Profhilo-stralende-huid-2.png\" \/>\n\t<meta property=\"og:image:width\" content=\"1448\" \/>\n\t<meta property=\"og:image:height\" content=\"1086\" \/>\n\t<meta property=\"og:image:type\" content=\"image\/png\" \/>\n<meta name=\"author\" content=\"aeprilclinics\" \/>\n<meta name=\"twitter:card\" content=\"summary_large_image\" \/>\n<meta name=\"twitter:label1\" content=\"Escrito por\" \/>\n\t<meta name=\"twitter:data1\" content=\"aeprilclinics\" \/>\n\t<meta name=\"twitter:label2\" content=\"Est. tempo de leitura\" \/>\n\t<meta name=\"twitter:data2\" content=\"5 minutos\" \/>\n<script type=\"application\/ld+json\" class=\"yoast-schema-graph\">{\"@context\":\"https:\\\/\\\/schema.org\",\"@graph\":[{\"@type\":\"Article\",\"@id\":\"https:\\\/\\\/aeprilclinics.nl\\\/pt-br\\\/2026\\\/08\\\/31\\\/polyphil-face-dna-de-salmao-para-o-seu-rosto\\\/#article\",\"isPartOf\":{\"@id\":\"https:\\\/\\\/aeprilclinics.nl\\\/pt-br\\\/2026\\\/08\\\/31\\\/polyphil-face-dna-de-salmao-para-o-seu-rosto\\\/\"},\"author\":{\"name\":\"aeprilclinics\",\"@id\":\"https:\\\/\\\/aeprilclinics.nl\\\/pt-br\\\/#\\\/schema\\\/person\\\/f54a59cea7d70709dda289bfad6820a2\"},\"headline\":\"PolyPhil Face: DNA de salm\u00e3o para o seu rosto\",\"datePublished\":\"2026-08-31T08:55:00+00:00\",\"dateModified\":\"2026-08-31T08:56:06+00:00\",\"mainEntityOfPage\":{\"@id\":\"https:\\\/\\\/aeprilclinics.nl\\\/pt-br\\\/2026\\\/08\\\/31\\\/polyphil-face-dna-de-salmao-para-o-seu-rosto\\\/\"},\"wordCount\":1001,\"image\":{\"@id\":\"https:\\\/\\\/aeprilclinics.nl\\\/pt-br\\\/2026\\\/08\\\/31\\\/polyphil-face-dna-de-salmao-para-o-seu-rosto\\\/#primaryimage\"},\"thumbnailUrl\":\"https:\\\/\\\/aeprilclinics.nl\\\/wp-content\\\/uploads\\\/2026\\\/05\\\/Profhilo-stralende-huid-2.png\",\"articleSection\":[\"Melhoria da pele\"],\"inLanguage\":\"pt-BR\"},{\"@type\":\"WebPage\",\"@id\":\"https:\\\/\\\/aeprilclinics.nl\\\/pt-br\\\/2026\\\/08\\\/31\\\/polyphil-face-dna-de-salmao-para-o-seu-rosto\\\/\",\"url\":\"https:\\\/\\\/aeprilclinics.nl\\\/pt-br\\\/2026\\\/08\\\/31\\\/polyphil-face-dna-de-salmao-para-o-seu-rosto\\\/\",\"name\":\"PolyPhil Face: DNA de salm\u00e3o para o seu rosto - Aepril\",\"isPartOf\":{\"@id\":\"https:\\\/\\\/aeprilclinics.nl\\\/pt-br\\\/#website\"},\"primaryImageOfPage\":{\"@id\":\"https:\\\/\\\/aeprilclinics.nl\\\/pt-br\\\/2026\\\/08\\\/31\\\/polyphil-face-dna-de-salmao-para-o-seu-rosto\\\/#primaryimage\"},\"image\":{\"@id\":\"https:\\\/\\\/aeprilclinics.nl\\\/pt-br\\\/2026\\\/08\\\/31\\\/polyphil-face-dna-de-salmao-para-o-seu-rosto\\\/#primaryimage\"},\"thumbnailUrl\":\"https:\\\/\\\/aeprilclinics.nl\\\/wp-content\\\/uploads\\\/2026\\\/05\\\/Profhilo-stralende-huid-2.png\",\"datePublished\":\"2026-08-31T08:55:00+00:00\",\"dateModified\":\"2026-08-31T08:56:06+00:00\",\"author\":{\"@id\":\"https:\\\/\\\/aeprilclinics.nl\\\/pt-br\\\/#\\\/schema\\\/person\\\/f54a59cea7d70709dda289bfad6820a2\"},\"description\":\"O que o PolyPhil Face faz pela sua pele? Descubra como o DNA de salm\u00e3o com polinucleot\u00eddeos funciona, para quais necessidades da pele ele \u00e9 indicado e o que voc\u00ea pode esperar.\",\"breadcrumb\":{\"@id\":\"https:\\\/\\\/aeprilclinics.nl\\\/pt-br\\\/2026\\\/08\\\/31\\\/polyphil-face-dna-de-salmao-para-o-seu-rosto\\\/#breadcrumb\"},\"inLanguage\":\"pt-BR\",\"potentialAction\":[{\"@type\":\"ReadAction\",\"target\":[\"https:\\\/\\\/aeprilclinics.nl\\\/pt-br\\\/2026\\\/08\\\/31\\\/polyphil-face-dna-de-salmao-para-o-seu-rosto\\\/\"]}]},{\"@type\":\"ImageObject\",\"inLanguage\":\"pt-BR\",\"@id\":\"https:\\\/\\\/aeprilclinics.nl\\\/pt-br\\\/2026\\\/08\\\/31\\\/polyphil-face-dna-de-salmao-para-o-seu-rosto\\\/#primaryimage\",\"url\":\"https:\\\/\\\/aeprilclinics.nl\\\/wp-content\\\/uploads\\\/2026\\\/05\\\/Profhilo-stralende-huid-2.png\",\"contentUrl\":\"https:\\\/\\\/aeprilclinics.nl\\\/wp-content\\\/uploads\\\/2026\\\/05\\\/Profhilo-stralende-huid-2.png\",\"width\":1448,\"height\":1086},{\"@type\":\"BreadcrumbList\",\"@id\":\"https:\\\/\\\/aeprilclinics.nl\\\/pt-br\\\/2026\\\/08\\\/31\\\/polyphil-face-dna-de-salmao-para-o-seu-rosto\\\/#breadcrumb\",\"itemListElement\":[{\"@type\":\"ListItem\",\"position\":1,\"name\":\"Home\",\"item\":\"https:\\\/\\\/aeprilclinics.nl\\\/pt-br\\\/\"},{\"@type\":\"ListItem\",\"position\":2,\"name\":\"PolyPhil Face: DNA de salm\u00e3o para o seu rosto\"}]},{\"@type\":\"WebSite\",\"@id\":\"https:\\\/\\\/aeprilclinics.nl\\\/pt-br\\\/#website\",\"url\":\"https:\\\/\\\/aeprilclinics.nl\\\/pt-br\\\/\",\"name\":\"Aepril\",\"description\":\"\",\"potentialAction\":[{\"@type\":\"SearchAction\",\"target\":{\"@type\":\"EntryPoint\",\"urlTemplate\":\"https:\\\/\\\/aeprilclinics.nl\\\/pt-br\\\/?s={search_term_string}\"},\"query-input\":{\"@type\":\"PropertyValueSpecification\",\"valueRequired\":true,\"valueName\":\"search_term_string\"}}],\"inLanguage\":\"pt-BR\"},{\"@type\":\"Person\",\"@id\":\"https:\\\/\\\/aeprilclinics.nl\\\/pt-br\\\/#\\\/schema\\\/person\\\/f54a59cea7d70709dda289bfad6820a2\",\"name\":\"aeprilclinics\",\"image\":{\"@type\":\"ImageObject\",\"inLanguage\":\"pt-BR\",\"@id\":\"https:\\\/\\\/secure.gravatar.com\\\/avatar\\\/659a22d1778d4ca93e9b66b745d250e5d0b6b87ede9ac55c337bbd0d73003c44?s=96&d=mm&r=g\",\"url\":\"https:\\\/\\\/secure.gravatar.com\\\/avatar\\\/659a22d1778d4ca93e9b66b745d250e5d0b6b87ede9ac55c337bbd0d73003c44?s=96&d=mm&r=g\",\"contentUrl\":\"https:\\\/\\\/secure.gravatar.com\\\/avatar\\\/659a22d1778d4ca93e9b66b745d250e5d0b6b87ede9ac55c337bbd0d73003c44?s=96&d=mm&r=g\",\"caption\":\"aeprilclinics\"},\"url\":\"https:\\\/\\\/aeprilclinics.nl\\\/pt-br\\\/author\\\/aeprilclinics\\\/\"}]}<\/script>\n<!-- \/ Yoast SEO plugin. -->","yoast_head_json":{"title":"PolyPhil Face: DNA de salm\u00e3o para o seu rosto - Aepril","description":"O que o PolyPhil Face faz pela sua pele? Descubra como o DNA de salm\u00e3o com polinucleot\u00eddeos funciona, para quais necessidades da pele ele \u00e9 indicado e o que voc\u00ea pode esperar.","robots":{"index":"index","follow":"follow","max-snippet":"max-snippet:-1","max-image-preview":"max-image-preview:large","max-video-preview":"max-video-preview:-1"},"canonical":"https:\/\/aeprilclinics.nl\/pt-br\/2026\/08\/31\/polyphil-face-dna-de-salmao-para-o-seu-rosto\/","og_locale":"pt_BR","og_type":"article","og_title":"PolyPhil Face: DNA de salm\u00e3o para o seu rosto - Aepril","og_description":"O que o PolyPhil Face faz pela sua pele? Descubra como o DNA de salm\u00e3o com polinucleot\u00eddeos funciona, para quais necessidades da pele ele \u00e9 indicado e o que voc\u00ea pode esperar.","og_url":"https:\/\/aeprilclinics.nl\/pt-br\/2026\/08\/31\/polyphil-face-dna-de-salmao-para-o-seu-rosto\/","og_site_name":"Aepril","article_published_time":"2026-08-31T08:55:00+00:00","article_modified_time":"2026-08-31T08:56:06+00:00","og_image":[{"width":1448,"height":1086,"url":"https:\/\/aeprilclinics.nl\/wp-content\/uploads\/2026\/05\/Profhilo-stralende-huid-2.png","type":"image\/png"}],"author":"aeprilclinics","twitter_card":"summary_large_image","twitter_misc":{"Escrito por":"aeprilclinics","Est. tempo de leitura":"5 minutos"},"schema":{"@context":"https:\/\/schema.org","@graph":[{"@type":"Article","@id":"https:\/\/aeprilclinics.nl\/pt-br\/2026\/08\/31\/polyphil-face-dna-de-salmao-para-o-seu-rosto\/#article","isPartOf":{"@id":"https:\/\/aeprilclinics.nl\/pt-br\/2026\/08\/31\/polyphil-face-dna-de-salmao-para-o-seu-rosto\/"},"author":{"name":"aeprilclinics","@id":"https:\/\/aeprilclinics.nl\/pt-br\/#\/schema\/person\/f54a59cea7d70709dda289bfad6820a2"},"headline":"PolyPhil Face: DNA de salm\u00e3o para o seu rosto","datePublished":"2026-08-31T08:55:00+00:00","dateModified":"2026-08-31T08:56:06+00:00","mainEntityOfPage":{"@id":"https:\/\/aeprilclinics.nl\/pt-br\/2026\/08\/31\/polyphil-face-dna-de-salmao-para-o-seu-rosto\/"},"wordCount":1001,"image":{"@id":"https:\/\/aeprilclinics.nl\/pt-br\/2026\/08\/31\/polyphil-face-dna-de-salmao-para-o-seu-rosto\/#primaryimage"},"thumbnailUrl":"https:\/\/aeprilclinics.nl\/wp-content\/uploads\/2026\/05\/Profhilo-stralende-huid-2.png","articleSection":["Melhoria da pele"],"inLanguage":"pt-BR"},{"@type":"WebPage","@id":"https:\/\/aeprilclinics.nl\/pt-br\/2026\/08\/31\/polyphil-face-dna-de-salmao-para-o-seu-rosto\/","url":"https:\/\/aeprilclinics.nl\/pt-br\/2026\/08\/31\/polyphil-face-dna-de-salmao-para-o-seu-rosto\/","name":"PolyPhil Face: DNA de salm\u00e3o para o seu rosto - Aepril","isPartOf":{"@id":"https:\/\/aeprilclinics.nl\/pt-br\/#website"},"primaryImageOfPage":{"@id":"https:\/\/aeprilclinics.nl\/pt-br\/2026\/08\/31\/polyphil-face-dna-de-salmao-para-o-seu-rosto\/#primaryimage"},"image":{"@id":"https:\/\/aeprilclinics.nl\/pt-br\/2026\/08\/31\/polyphil-face-dna-de-salmao-para-o-seu-rosto\/#primaryimage"},"thumbnailUrl":"https:\/\/aeprilclinics.nl\/wp-content\/uploads\/2026\/05\/Profhilo-stralende-huid-2.png","datePublished":"2026-08-31T08:55:00+00:00","dateModified":"2026-08-31T08:56:06+00:00","author":{"@id":"https:\/\/aeprilclinics.nl\/pt-br\/#\/schema\/person\/f54a59cea7d70709dda289bfad6820a2"},"description":"O que o PolyPhil Face faz pela sua pele? Descubra como o DNA de salm\u00e3o com polinucleot\u00eddeos funciona, para quais necessidades da pele ele \u00e9 indicado e o que voc\u00ea pode esperar.","breadcrumb":{"@id":"https:\/\/aeprilclinics.nl\/pt-br\/2026\/08\/31\/polyphil-face-dna-de-salmao-para-o-seu-rosto\/#breadcrumb"},"inLanguage":"pt-BR","potentialAction":[{"@type":"ReadAction","target":["https:\/\/aeprilclinics.nl\/pt-br\/2026\/08\/31\/polyphil-face-dna-de-salmao-para-o-seu-rosto\/"]}]},{"@type":"ImageObject","inLanguage":"pt-BR","@id":"https:\/\/aeprilclinics.nl\/pt-br\/2026\/08\/31\/polyphil-face-dna-de-salmao-para-o-seu-rosto\/#primaryimage","url":"https:\/\/aeprilclinics.nl\/wp-content\/uploads\/2026\/05\/Profhilo-stralende-huid-2.png","contentUrl":"https:\/\/aeprilclinics.nl\/wp-content\/uploads\/2026\/05\/Profhilo-stralende-huid-2.png","width":1448,"height":1086},{"@type":"BreadcrumbList","@id":"https:\/\/aeprilclinics.nl\/pt-br\/2026\/08\/31\/polyphil-face-dna-de-salmao-para-o-seu-rosto\/#breadcrumb","itemListElement":[{"@type":"ListItem","position":1,"name":"Home","item":"https:\/\/aeprilclinics.nl\/pt-br\/"},{"@type":"ListItem","position":2,"name":"PolyPhil Face: DNA de salm\u00e3o para o seu rosto"}]},{"@type":"WebSite","@id":"https:\/\/aeprilclinics.nl\/pt-br\/#website","url":"https:\/\/aeprilclinics.nl\/pt-br\/","name":"Aepril","description":"","potentialAction":[{"@type":"SearchAction","target":{"@type":"EntryPoint","urlTemplate":"https:\/\/aeprilclinics.nl\/pt-br\/?s={search_term_string}"},"query-input":{"@type":"PropertyValueSpecification","valueRequired":true,"valueName":"search_term_string"}}],"inLanguage":"pt-BR"},{"@type":"Person","@id":"https:\/\/aeprilclinics.nl\/pt-br\/#\/schema\/person\/f54a59cea7d70709dda289bfad6820a2","name":"aeprilclinics","image":{"@type":"ImageObject","inLanguage":"pt-BR","@id":"https:\/\/secure.gravatar.com\/avatar\/659a22d1778d4ca93e9b66b745d250e5d0b6b87ede9ac55c337bbd0d73003c44?s=96&d=mm&r=g","url":"https:\/\/secure.gravatar.com\/avatar\/659a22d1778d4ca93e9b66b745d250e5d0b6b87ede9ac55c337bbd0d73003c44?s=96&d=mm&r=g","contentUrl":"https:\/\/secure.gravatar.com\/avatar\/659a22d1778d4ca93e9b66b745d250e5d0b6b87ede9ac55c337bbd0d73003c44?s=96&d=mm&r=g","caption":"aeprilclinics"},"url":"https:\/\/aeprilclinics.nl\/pt-br\/author\/aeprilclinics\/"}]}},"_links":{"self":[{"href":"https:\/\/aeprilclinics.nl\/pt-br\/wp-json\/wp\/v2\/posts\/19223","targetHints":{"allow":["GET"]}}],"collection":[{"href":"https:\/\/aeprilclinics.nl\/pt-br\/wp-json\/wp\/v2\/posts"}],"about":[{"href":"https:\/\/aeprilclinics.nl\/pt-br\/wp-json\/wp\/v2\/types\/post"}],"author":[{"embeddable":true,"href":"https:\/\/aeprilclinics.nl\/pt-br\/wp-json\/wp\/v2\/users\/14"}],"replies":[{"embeddable":true,"href":"https:\/\/aeprilclinics.nl\/pt-br\/wp-json\/wp\/v2\/comments?post=19223"}],"version-history":[{"count":1,"href":"https:\/\/aeprilclinics.nl\/pt-br\/wp-json\/wp\/v2\/posts\/19223\/revisions"}],"predecessor-version":[{"id":19224,"href":"https:\/\/aeprilclinics.nl\/pt-br\/wp-json\/wp\/v2\/posts\/19223\/revisions\/19224"}],"wp:featuredmedia":[{"embeddable":true,"href":"https:\/\/aeprilclinics.nl\/pt-br\/wp-json\/wp\/v2\/media\/10394"}],"wp:attachment":[{"href":"https:\/\/aeprilclinics.nl\/pt-br\/wp-json\/wp\/v2\/media?parent=19223"}],"wp:term":[{"taxonomy":"category","embeddable":true,"href":"https:\/\/aeprilclinics.nl\/pt-br\/wp-json\/wp\/v2\/categories?post=19223"},{"taxonomy":"post_tag","embeddable":true,"href":"https:\/\/aeprilclinics.nl\/pt-br\/wp-json\/wp\/v2\/tags?post=19223"}],"curies":[{"name":"wp","href":"https:\/\/api.w.org\/{rel}","templated":true}]}}