{"id":13859,"date":"2026-07-13T05:15:00","date_gmt":"2026-07-13T05:15:00","guid":{"rendered":"https:\/\/aeprilclinics.nl\/preenchimento-da-regiao-media-do-rosto-recuperar-o-volume-na-parte-central-do-rosto\/"},"modified":"2026-07-29T11:23:59","modified_gmt":"2026-07-29T11:23:59","slug":"preenchimento-da-regiao-media-do-rosto-recuperar-o-volume-na-parte-central-do-rosto","status":"publish","type":"post","link":"https:\/\/aeprilclinics.nl\/pt-br\/2026\/07\/13\/preenchimento-da-regiao-media-do-rosto-recuperar-o-volume-na-parte-central-do-rosto\/","title":{"rendered":"Preenchimento da regi\u00e3o m\u00e9dia do rosto: recuperar o volume na parte central do rosto"},"content":{"rendered":"\n<p class=\"wp-block-paragraph\"><strong>A regi\u00e3o central do rosto, a \u00e1rea entre os olhos e a boca, \u00e9 uma das zonas mais determinantes quando se trata do envelhecimento facial. Quando se perde volume nessa regi\u00e3o, a pele fica mais fl\u00e1cida, os <a href=\"https:\/\/aeprilclinics.nl\/pt-br\/preenchimentos\/tratamento-de-preenchimento-do-sulco-labial-do-nariz\/\" type=\"behandeling\" id=\"1385\">sulcos nasolabiais<\/a> ficam mais profundos e o rosto como um todo parece mais cansado e mais velho. Um preenchimento para a regi\u00e3o m\u00e9dia do rosto restaura esse volume de forma equilibrada e pode deixar seu rosto com uma apar\u00eancia mais revigorada. Neste blog, voc\u00ea vai ler tudo sobre isso.   <br\/><\/strong><\/p>\n\n<div style=\"height:25px\" aria-hidden=\"true\" class=\"wp-block-spacer\"><\/div>\n\n<div class=\"wp-block-media-text is-stacked-on-mobile is-image-fill-element\"><figure class=\"wp-block-media-text__media\"><img loading=\"lazy\" decoding=\"async\" width=\"1024\" height=\"683\" src=\"https:\/\/aeprilclinics.nl\/wp-content\/uploads\/2026\/07\/Midface-huidveroudering-fillers-1024x683.png\" alt=\"\" class=\"wp-image-13323 size-full\" style=\"object-position:50% 50%\" srcset=\"https:\/\/aeprilclinics.nl\/wp-content\/uploads\/2026\/07\/Midface-huidveroudering-fillers-1024x683.png 1024w, https:\/\/aeprilclinics.nl\/wp-content\/uploads\/2026\/07\/Midface-huidveroudering-fillers-300x200.png 300w, https:\/\/aeprilclinics.nl\/wp-content\/uploads\/2026\/07\/Midface-huidveroudering-fillers-768x512.png 768w, https:\/\/aeprilclinics.nl\/wp-content\/uploads\/2026\/07\/Midface-huidveroudering-fillers-405x270.png 405w, https:\/\/aeprilclinics.nl\/wp-content\/uploads\/2026\/07\/Midface-huidveroudering-fillers.png 1536w\" sizes=\"auto, (max-width: 1024px) 100vw, 1024px\" \/><\/figure><div class=\"wp-block-media-text__content\">\n<h5 class=\"wp-block-heading\">A base de um visual renovado<\/h5>\n\n\n\n<h2 class=\"wp-block-heading\">O que \u00e9 a regi\u00e3o m\u00e9dia do rosto?<\/h2>\n\n\n\n<p class=\"wp-block-paragraph\">Por \u201cmidface\u201d, a gente se refere \u00e0 parte central do rosto, basicamente a \u00e1rea entre os olhos e a boca. Essa zona \u00e9, por assim dizer, a base dos contornos do seu rosto. <\/p>\n\n\n\n<p class=\"wp-block-paragraph\">Quando se perde volume nessa regi\u00e3o, n\u00e3o \u00e9 s\u00f3 o formato das bochechas que muda. A pele por baixo tamb\u00e9m fica com menos sustenta\u00e7\u00e3o, o que faz com que as rugas e as sombras no rosto fiquem mais vis\u00edveis. As olheiras ficam mais profundas, as bochechas parecem mais ca\u00eddas e voc\u00ea parece mais cansado. \u00c9 exatamente por isso que nossos m\u00e9dicos sempre analisam o rosto como um todo. N\u00e3o se concentram em uma \u00fanica ruga ou \u00e1rea, mas nas rela\u00e7\u00f5es entre as diferentes partes.    <\/p>\n<\/div><\/div>\n\n<div style=\"height:50px\" aria-hidden=\"true\" class=\"wp-block-spacer\"><\/div>\n\n<div class=\"wp-block-media-text has-media-on-the-right is-stacked-on-mobile is-image-fill-element\"><div class=\"wp-block-media-text__content\">\n<h5 class=\"wp-block-heading\">Recupera\u00e7\u00e3o do volume e do contorno<\/h5>\n\n\n\n<h2 class=\"wp-block-heading\">O que faz um preenchimento para a regi\u00e3o m\u00e9dia do rosto?<\/h2>\n\n\n\n<p class=\"wp-block-paragraph\">Com um <a href=\"https:\/\/aeprilclinics.nl\/pt-br\/preenchimentos\/tratamento-de-preenchimento-do-terco-medio-da-face\/\">preenchimento para a regi\u00e3o m\u00e9dia do rosto<\/a>, aplicamos \u00e1cido hialur\u00f4nico em pontos estrat\u00e9gicos das bochechas. Isso restaura sutilmente o volume perdido e d\u00e1 novo suporte ao rosto. <\/p>\n\n\n\n<p class=\"wp-block-paragraph\"><strong>Isso pode fazer com que voc\u00ea:<\/strong><\/p>\n\n\n\n<ul class=\"wp-block-list\">\n<li>Mais volume nas <a href=\"https:\/\/aeprilclinics.nl\/pt-br\/2026\/06\/29\/preenchimento-nas-macas-do-rosto-mais-contorno-e-lifting-para-um-rosto-radiante\/\" type=\"post\" id=\"12364\">bochechas<\/a><\/li>\n\n\n\n<li>Melhor suporte para a pele<\/li>\n\n\n\n<li><a href=\"https:\/\/aeprilclinics.nl\/pt-br\/preenchimentos\/tratamento-de-preenchimento-do-sulco-labial-do-nariz\/\" type=\"behandeling\" id=\"1385\">Pregas nasais<\/a> menos vis\u00edveis<\/li>\n\n\n\n<li>Mais <a href=\"https:\/\/aeprilclinics.nl\/pt-br\/preenchimentos\/tratamento-de-preenchimento-das-macas-do-rosto\/\" type=\"behandeling\" id=\"1352\">contorno<\/a> no rosto<\/li>\n\n\n\n<li>Um visual mais revigorado e descansado<\/li>\n<\/ul>\n\n\n\n<p class=\"wp-block-paragraph\">O objetivo \u00e9 sempre um resultado natural. N\u00e3o um rosto mais cheio, mas um rosto que volte a estar em equil\u00edbrio. <\/p>\n<\/div><figure class=\"wp-block-media-text__media\"><img loading=\"lazy\" decoding=\"async\" width=\"683\" height=\"1024\" src=\"https:\/\/aeprilclinics.nl\/wp-content\/uploads\/2025\/01\/BN4A9197-683x1024.jpg\" alt=\"\" class=\"wp-image-1015 size-full\" style=\"object-position:50% 50%\" srcset=\"https:\/\/aeprilclinics.nl\/wp-content\/uploads\/2025\/01\/BN4A9197-683x1024.jpg 683w, https:\/\/aeprilclinics.nl\/wp-content\/uploads\/2025\/01\/BN4A9197-200x300.jpg 200w, https:\/\/aeprilclinics.nl\/wp-content\/uploads\/2025\/01\/BN4A9197-768x1152.jpg 768w, https:\/\/aeprilclinics.nl\/wp-content\/uploads\/2025\/01\/BN4A9197-1024x1536.jpg 1024w, https:\/\/aeprilclinics.nl\/wp-content\/uploads\/2025\/01\/BN4A9197-1365x2048.jpg 1365w, https:\/\/aeprilclinics.nl\/wp-content\/uploads\/2025\/01\/BN4A9197-180x270.jpg 180w, https:\/\/aeprilclinics.nl\/wp-content\/uploads\/2025\/01\/BN4A9197-scaled.jpg 1707w\" sizes=\"auto, (max-width: 683px) 100vw, 683px\" \/><\/figure><\/div>\n\n<div style=\"height:50px\" aria-hidden=\"true\" class=\"wp-block-spacer\"><\/div>\n\n<div class=\"wp-block-media-text is-stacked-on-mobile is-image-fill-element\"><figure class=\"wp-block-media-text__media\"><img loading=\"lazy\" decoding=\"async\" width=\"1024\" height=\"925\" src=\"https:\/\/aeprilclinics.nl\/wp-content\/uploads\/2026\/06\/Jukbeenderen-fillers-1024x925.png\" alt=\"\" class=\"wp-image-12367 size-full\" style=\"object-position:50% 50%\" srcset=\"https:\/\/aeprilclinics.nl\/wp-content\/uploads\/2026\/06\/Jukbeenderen-fillers-1024x925.png 1024w, https:\/\/aeprilclinics.nl\/wp-content\/uploads\/2026\/06\/Jukbeenderen-fillers-300x271.png 300w, https:\/\/aeprilclinics.nl\/wp-content\/uploads\/2026\/06\/Jukbeenderen-fillers-768x694.png 768w, https:\/\/aeprilclinics.nl\/wp-content\/uploads\/2026\/06\/Jukbeenderen-fillers-299x270.png 299w, https:\/\/aeprilclinics.nl\/wp-content\/uploads\/2026\/06\/Jukbeenderen-fillers.png 1320w\" sizes=\"auto, (max-width: 1024px) 100vw, 1024px\" \/><\/figure><div class=\"wp-block-media-text__content\">\n<h5 class=\"wp-block-heading\">Equil\u00edbrio facial<\/h5>\n\n\n\n<h2 class=\"wp-block-heading\">Por que escolher um preenchimento para a regi\u00e3o m\u00e9dia do rosto?<\/h2>\n\n\n\n<p class=\"wp-block-paragraph\">Um preenchimento para a regi\u00e3o m\u00e9dia do rosto faz mais do que apenas restaurar o volume. O tratamento real\u00e7a os contornos naturais do rosto e ajuda a equilibrar as propor\u00e7\u00f5es entre as diferentes zonas faciais. <\/p>\n\n\n\n<p class=\"wp-block-paragraph\">Ao restaurar o volume no lugar certo, o rosto ganha mais estrutura e sustenta\u00e7\u00e3o. Isso geralmente d\u00e1 uma apar\u00eancia mais revigorada, sem que o rosto pare\u00e7a mais cheio ou diferente. \u00c9 justamente essa melhora sutil que faz com que o preenchimento da regi\u00e3o m\u00e9dia do rosto seja uma escolha popular para muita gente.  <\/p>\n<\/div><\/div>\n\n<div style=\"height:50px\" aria-hidden=\"true\" class=\"wp-block-spacer\"><\/div>\n\n<div class=\"wp-block-media-text has-media-on-the-right is-stacked-on-mobile is-image-fill-element\"><div class=\"wp-block-media-text__content\">\n<h5 class=\"wp-block-heading\">Tratamento personalizado<\/h5>\n\n\n\n<h2 class=\"wp-block-heading\">Por que uma boa an\u00e1lise \u00e9 t\u00e3o importante?<\/h2>\n\n\n\n<p class=\"wp-block-paragraph\">N\u00e3o existem dois rostos iguais. Por isso, ao aplicar um preenchimento na regi\u00e3o m\u00e9dia do rosto, n\u00e3o levamos em conta apenas a perda de volume, mas a estrutura facial como um todo. Fatores como o formato das ma\u00e7\u00e3s do rosto, a propor\u00e7\u00e3o entre as diferentes zonas do rosto e seus contornos naturais, todos esses fatores t\u00eam import\u00e2ncia.  <\/p>\n\n\n\n<p class=\"wp-block-paragraph\">Ao fazer primeiro uma an\u00e1lise detalhada, podemos adaptar o tratamento ao seu rosto. Isso garante um resultado que n\u00e3o \u00e9 s\u00f3 bonito, mas, acima de tudo, parece natural. <\/p>\n<\/div><figure class=\"wp-block-media-text__media\"><img loading=\"lazy\" decoding=\"async\" width=\"683\" height=\"1024\" src=\"https:\/\/aeprilclinics.nl\/wp-content\/uploads\/2025\/01\/BN4A8716-683x1024.jpg\" alt=\"\" class=\"wp-image-1008 size-full\" style=\"object-position:50% 50%\" srcset=\"https:\/\/aeprilclinics.nl\/wp-content\/uploads\/2025\/01\/BN4A8716-683x1024.jpg 683w, https:\/\/aeprilclinics.nl\/wp-content\/uploads\/2025\/01\/BN4A8716-200x300.jpg 200w, https:\/\/aeprilclinics.nl\/wp-content\/uploads\/2025\/01\/BN4A8716-768x1152.jpg 768w, https:\/\/aeprilclinics.nl\/wp-content\/uploads\/2025\/01\/BN4A8716-1024x1536.jpg 1024w, https:\/\/aeprilclinics.nl\/wp-content\/uploads\/2025\/01\/BN4A8716-1365x2048.jpg 1365w, https:\/\/aeprilclinics.nl\/wp-content\/uploads\/2025\/01\/BN4A8716-180x270.jpg 180w, https:\/\/aeprilclinics.nl\/wp-content\/uploads\/2025\/01\/BN4A8716-scaled.jpg 1707w\" sizes=\"auto, (max-width: 683px) 100vw, 683px\" \/><\/figure><\/div>\n\n<div style=\"height:50px\" aria-hidden=\"true\" class=\"wp-block-spacer\"><\/div>\n\n<div class=\"wp-block-media-text is-stacked-on-mobile is-image-fill-element\"><figure class=\"wp-block-media-text__media\"><img loading=\"lazy\" decoding=\"async\" width=\"683\" height=\"1024\" src=\"https:\/\/aeprilclinics.nl\/wp-content\/uploads\/2025\/01\/BN4A0034-1-1-683x1024.jpg\" alt=\"\" class=\"wp-image-1009 size-full\" style=\"object-position:50% 50%\" srcset=\"https:\/\/aeprilclinics.nl\/wp-content\/uploads\/2025\/01\/BN4A0034-1-1-683x1024.jpg 683w, https:\/\/aeprilclinics.nl\/wp-content\/uploads\/2025\/01\/BN4A0034-1-1-200x300.jpg 200w, https:\/\/aeprilclinics.nl\/wp-content\/uploads\/2025\/01\/BN4A0034-1-1-768x1152.jpg 768w, https:\/\/aeprilclinics.nl\/wp-content\/uploads\/2025\/01\/BN4A0034-1-1-1024x1536.jpg 1024w, https:\/\/aeprilclinics.nl\/wp-content\/uploads\/2025\/01\/BN4A0034-1-1-1365x2048.jpg 1365w, https:\/\/aeprilclinics.nl\/wp-content\/uploads\/2025\/01\/BN4A0034-1-1-180x270.jpg 180w, https:\/\/aeprilclinics.nl\/wp-content\/uploads\/2025\/01\/BN4A0034-1-1-scaled.jpg 1707w\" sizes=\"auto, (max-width: 683px) 100vw, 683px\" \/><\/figure><div class=\"wp-block-media-text__content\">\n<h5 class=\"wp-block-heading\">Preenchimentos para a regi\u00e3o m\u00e9dia do rosto<\/h5>\n\n\n\n<h2 class=\"wp-block-heading\">Como \u00e9 o tratamento?<\/h2>\n\n\n\n<p class=\"wp-block-paragraph\">Todo tratamento come\u00e7a com uma consulta personalizada. O m\u00e9dico avalia o formato do seu rosto, analisa a propor\u00e7\u00e3o entre as diferentes zonas faciais e conversa detalhadamente sobre o que voc\u00ea deseja. <\/p>\n\n\n\n<p class=\"wp-block-paragraph\">Em seguida, o preenchimento \u00e9 aplicado com cuidado nos locais onde \u00e9 necess\u00e1rio um refor\u00e7o extra. O tratamento dura, em m\u00e9dia, de 20 a 40 minutos. Depois, a pele pode ficar um pouco sens\u00edvel ou ligeiramente inchada. Isso geralmente passa em poucos dias.   <\/p>\n<\/div><\/div>\n\n<div style=\"height:50px\" aria-hidden=\"true\" class=\"wp-block-spacer\"><\/div>\n\n<div class=\"wp-block-media-text has-media-on-the-right is-stacked-on-mobile is-image-fill-element\"><div class=\"wp-block-media-text__content\">\n<h5 class=\"wp-block-heading\">Um resultado sutil<\/h5>\n\n\n\n<h2 class=\"wp-block-heading\">O que voc\u00ea pode esperar?<\/h2>\n\n\n\n<p class=\"wp-block-paragraph\">Um preenchimento na regi\u00e3o m\u00e9dia do rosto n\u00e3o muda o seu rosto, mas restaura o que foi se perdendo aos poucos com o passar dos anos. \u00c9 justamente por isso que o resultado parece natural. <\/p>\n\n\n\n<p class=\"wp-block-paragraph\"><strong>Muitas pessoas percebem que o rosto delas:<\/strong><\/p>\n\n\n\n<ul class=\"wp-block-list\">\n<li>Fica com mais contorno<\/li>\n\n\n\n<li>Parece mais moderno<\/li>\n\n\n\n<li>Parece menos cansado<\/li>\n\n\n\n<li>Mais bonito quando est\u00e1 em equil\u00edbrio \u00e9<\/li>\n<\/ul>\n\n\n\n<p class=\"wp-block-paragraph\">Como cada estrutura facial \u00e9 diferente, sempre adaptamos o tratamento \u00e0 sua anatomia e \u00e0s suas prefer\u00eancias.<\/p>\n<\/div><figure class=\"wp-block-media-text__media\"><img loading=\"lazy\" decoding=\"async\" width=\"1024\" height=\"731\" src=\"https:\/\/aeprilclinics.nl\/wp-content\/uploads\/2026\/05\/Kin-filler-profiel-verbeteren-1024x731.png\" alt=\"\" class=\"wp-image-6299 size-full\" style=\"object-position:50% 50%\" srcset=\"https:\/\/aeprilclinics.nl\/wp-content\/uploads\/2026\/05\/Kin-filler-profiel-verbeteren-1024x731.png 1024w, https:\/\/aeprilclinics.nl\/wp-content\/uploads\/2026\/05\/Kin-filler-profiel-verbeteren-300x214.png 300w, https:\/\/aeprilclinics.nl\/wp-content\/uploads\/2026\/05\/Kin-filler-profiel-verbeteren-768x549.png 768w, https:\/\/aeprilclinics.nl\/wp-content\/uploads\/2026\/05\/Kin-filler-profiel-verbeteren-378x270.png 378w, https:\/\/aeprilclinics.nl\/wp-content\/uploads\/2026\/05\/Kin-filler-profiel-verbeteren.png 1484w\" sizes=\"auto, (max-width: 1024px) 100vw, 1024px\" \/><\/figure><\/div>\n\n<div style=\"height:50px\" aria-hidden=\"true\" class=\"wp-block-spacer\"><\/div>\n\n<div class=\"wp-block-media-text is-stacked-on-mobile is-image-fill-element\"><figure class=\"wp-block-media-text__media\"><img loading=\"lazy\" decoding=\"async\" width=\"683\" height=\"1024\" src=\"https:\/\/aeprilclinics.nl\/wp-content\/uploads\/2025\/01\/BN4A8655-683x1024.jpg\" alt=\"\" class=\"wp-image-1007 size-full\" style=\"object-position:50% 50%\" srcset=\"https:\/\/aeprilclinics.nl\/wp-content\/uploads\/2025\/01\/BN4A8655-683x1024.jpg 683w, https:\/\/aeprilclinics.nl\/wp-content\/uploads\/2025\/01\/BN4A8655-200x300.jpg 200w, https:\/\/aeprilclinics.nl\/wp-content\/uploads\/2025\/01\/BN4A8655-768x1152.jpg 768w, https:\/\/aeprilclinics.nl\/wp-content\/uploads\/2025\/01\/BN4A8655-1024x1536.jpg 1024w, https:\/\/aeprilclinics.nl\/wp-content\/uploads\/2025\/01\/BN4A8655-1365x2048.jpg 1365w, https:\/\/aeprilclinics.nl\/wp-content\/uploads\/2025\/01\/BN4A8655-180x270.jpg 180w, https:\/\/aeprilclinics.nl\/wp-content\/uploads\/2025\/01\/BN4A8655-scaled.jpg 1707w\" sizes=\"auto, (max-width: 683px) 100vw, 683px\" \/><\/figure><div class=\"wp-block-media-text__content\">\n<h5 class=\"wp-block-heading\">Efeito de longo prazo<\/h5>\n\n\n\n<h2 class=\"wp-block-heading\">Quanto tempo dura o efeito de um preenchimento na regi\u00e3o m\u00e9dia do rosto?<\/h2>\n\n\n\n<p class=\"wp-block-paragraph\">O resultado fica vis\u00edvel, em m\u00e9dia, <strong>por 12 a 18 meses<\/strong>. O tempo exato de dura\u00e7\u00e3o do preenchimento varia de pessoa para pessoa e depende, entre outras coisas, do metabolismo e da quantidade de preenchimento usada. <\/p>\n\n\n\n<p class=\"wp-block-paragraph\">Durante uma consulta, a gente conversa, se for o caso, sobre quando \u00e9 recomend\u00e1vel fazer um tratamento de manuten\u00e7\u00e3o.<\/p>\n<\/div><\/div>\n\n<div style=\"height:50px\" aria-hidden=\"true\" class=\"wp-block-spacer\"><\/div>\n\n<div class=\"wp-block-media-text has-media-on-the-right is-stacked-on-mobile is-image-fill-element\"><div class=\"wp-block-media-text__content\">\n<h5 class=\"wp-block-heading\">Transpar\u00eancia e tarifas<\/h5>\n\n\n\n<h2 class=\"wp-block-heading\">Quanto custa um preenchimento na regi\u00e3o m\u00e9dia do rosto?<\/h2>\n\n\n\n<p class=\"wp-block-paragraph\">Os custos dependem da quantidade de preenchimento necess\u00e1ria para alcan\u00e7ar um resultado natural. Quer saber mais sobre as op\u00e7\u00f5es e os pre\u00e7os dos preenchimentos? <a href=\"https:\/\/aeprilclinics.nl\/pt-br\/tarifas\/\" id=\"https:\/\/aeprilclinics.nl\/tarieven\/\">D\u00e1 uma olhada nas nossas tabelas de pre\u00e7os atualizadas<\/a> para saber quanto custa. <\/p>\n<\/div><figure class=\"wp-block-media-text__media\"><img loading=\"lazy\" decoding=\"async\" width=\"1024\" height=\"683\" src=\"https:\/\/aeprilclinics.nl\/wp-content\/uploads\/2025\/01\/BN4A9295-1024x683.jpg\" alt=\"\" class=\"wp-image-1012 size-full\" style=\"object-position:50% 50%\" srcset=\"https:\/\/aeprilclinics.nl\/wp-content\/uploads\/2025\/01\/BN4A9295-1024x683.jpg 1024w, https:\/\/aeprilclinics.nl\/wp-content\/uploads\/2025\/01\/BN4A9295-300x200.jpg 300w, https:\/\/aeprilclinics.nl\/wp-content\/uploads\/2025\/01\/BN4A9295-768x512.jpg 768w, https:\/\/aeprilclinics.nl\/wp-content\/uploads\/2025\/01\/BN4A9295-1536x1024.jpg 1536w, https:\/\/aeprilclinics.nl\/wp-content\/uploads\/2025\/01\/BN4A9295-2048x1365.jpg 2048w, https:\/\/aeprilclinics.nl\/wp-content\/uploads\/2025\/01\/BN4A9295-405x270.jpg 405w\" sizes=\"auto, (max-width: 1024px) 100vw, 1024px\" \/><\/figure><\/div>\n\n<div class=\"wp-block-cover alignfull is-light wave\" style=\"margin-top:0;margin-bottom:0;padding-bottom:var(--wp--preset--spacing--30)\"><span aria-hidden=\"true\" class=\"wp-block-cover__background has-accent-background-color has-background-dim-100 has-background-dim\"><\/span><div class=\"wp-block-cover__inner-container has-global-padding is-layout-constrained wp-block-cover-is-layout-constrained\">\n<h2 class=\"wp-block-heading has-text-align-center\">Descubra o que um preenchimento na regi\u00e3o m\u00e9dia do rosto pode fazer por voc\u00ea<\/h2>\n\n\n\n<p class=\"has-text-align-center wp-block-paragraph\">Nenhum rosto \u00e9 igual ao outro. Por isso, durante uma consulta, dedicamos tempo para analisar cuidadosamente a estrutura do seu rosto. Conversamos sobre o que voc\u00ea quer, explicamos as op\u00e7\u00f5es e damos uma opini\u00e3o sincera sobre o tratamento que melhor combina com voc\u00ea. Seja bem-vindo \u00e0 Aepril Clinics em <a href=\"https:\/\/aeprilclinics.nl\/pt-br\/clinica-utrecht\/\" type=\"page\" id=\"3390\"><mark style=\"background-color:rgba(0, 0, 0, 0)\" class=\"has-inline-color has-base-color\">Utrecht<\/mark><\/a> ou <a href=\"https:\/\/aeprilclinics.nl\/pt-br\/clinica-hengelo\/\" type=\"page\" id=\"3336\"><mark style=\"background-color:rgba(0, 0, 0, 0)\" class=\"has-inline-color has-base-color\">Hengelo<\/mark><\/a> para uma consulta sem compromisso.   <\/p>\n\n\n\n<div class=\"wp-block-buttons is-content-justification-center is-layout-flex wp-container-core-buttons-is-layout-0aa01211 wp-block-buttons-is-layout-flex\">\n<div class=\"wp-block-button\"><a class=\"wp-block-button__link has-base-color has-accent-3-background-color has-text-color has-background has-link-color wp-element-button\" href=\"https:\/\/aeprilclinics.nl\/pt-br\/agende-uma-consulta-gratuita\/\">Marque uma consulta<\/a><\/div>\n<\/div>\n<\/div><\/div>\n\n<style>.medical-review {\n        display: grid;\n        grid-template-columns: minmax(210px, 260px) minmax(0, 1fr);\n        gap: clamp(32px, 5vw, 72px);\n        align-items: start;\n        margin: 48px 0;\n        padding: clamp(32px, 5vw, 64px);\n        background: #f7f3ef;\n        border-radius: 32px;\n        color: #252321;\n    }\n\n    .medical-review__image {\n        width: 100%;\n        max-width: 260px;\n        margin: 0;\n    }\n\n    .medical-review__photo {\n        position: relative;\n        width: 100%;\n        aspect-ratio: 4 \/ 5;\n        overflow: hidden;\n        background: #eee9e4;\n        border-radius: 100px 100px 30px 30px;\n    }\n\n    .medical-review__photo img {\n        position: absolute !important;\n        inset: 0;\n        display: block !important;\n        width: 100% !important;\n        max-width: none !important;\n        height: 100% !important;\n        min-height: 100% !important;\n        margin: 0 !important;\n        padding: 0 !important;\n        object-fit: cover !important;\n        object-position: center 20% !important;\n        border: 0 !important;\n        border-radius: 0 !important;\n    }\n\n    .medical-review__identity {\n        display: block;\n        margin-top: 20px;\n    }\n\n    .medical-review__name {\n        display: block;\n        margin-bottom: 4px;\n        color: #252321;\n        font-size: 18px;\n        font-weight: 700;\n        line-height: 1.4;\n    }\n\n    .medical-review__role {\n        display: block;\n        color: #655f5a;\n        font-size: 15px;\n        line-height: 1.55;\n    }\n\n    .medical-review__quote {\n        position: relative;\n        margin: 26px 0 0;\n        padding: 0 0 0 18px;\n        color: #393633;\n        font-size: 17px;\n        font-style: italic;\n        line-height: 1.65;\n        border-left: 2px solid #d6bfa7;\n    }\n\n    .medical-review__quote cite {\n        display: block;\n        margin-top: 8px;\n        color: #77706a;\n        font-size: 13px;\n        font-style: normal;\n    }\n\n    .medical-review__content {\n        min-width: 0;\n    }\n\n    .medical-review__label {\n        display: inline-flex;\n        align-items: center;\n        margin-bottom: 18px;\n        padding: 8px 14px;\n        background: #d6bfa7;\n        color: #252321;\n        font-size: 14px;\n        font-weight: 700;\n        line-height: 1;\n        letter-spacing: 0.08em;\n        text-transform: uppercase;\n    }\n\n    .medical-review__content h2 {\n        margin: 0 0 24px;\n        color: #252321;\n        font-family: Georgia, \"Times New Roman\", serif;\n        font-size: clamp(34px, 4vw, 54px);\n        font-weight: 400;\n        line-height: 1.12;\n    }\n\n    .medical-review__content > p {\n        max-width: 1050px;\n        margin: 0 0 20px;\n        color: #2c2927;\n        font-size: 18px;\n        line-height: 1.75;\n    }\n\n    .medical-review a {\n        color: #94765f;\n        font-weight: 600;\n        text-decoration-thickness: 1px;\n        text-underline-offset: 3px;\n    }\n\n    .medical-review a:hover,\n    .medical-review a:focus-visible {\n        color: #6f5541;\n    }\n\n    .medical-review__specialisms {\n        margin-top: 28px;\n    }\n\n    .medical-review__specialisms-title {\n        display: block;\n        margin-bottom: 12px;\n        color: #252321;\n        font-size: 15px;\n        font-weight: 700;\n    }\n\n    .medical-review__specialisms-list {\n        display: flex;\n        flex-wrap: wrap;\n        gap: 10px;\n        margin: 0;\n        padding: 0;\n        list-style: none;\n    }\n\n    .medical-review__specialisms-list li {\n        margin: 0;\n        padding: 0;\n        list-style: none;\n    }\n\n    .medical-review__specialisms-list a {\n        display: inline-flex;\n        align-items: center;\n        justify-content: center;\n        padding: 9px 14px;\n        background: #eee4da;\n        border: 1px solid transparent;\n        border-radius: 999px;\n        color: #3b3734;\n        font-size: 14px;\n        font-weight: 600;\n        line-height: 1.2;\n        text-decoration: none;\n        transition:\n            background-color 0.2s ease,\n            border-color 0.2s ease,\n            color 0.2s ease,\n            transform 0.2s ease;\n    }\n\n    .medical-review__specialisms-list a:hover,\n    .medical-review__specialisms-list a:focus-visible {\n        background: #d6bfa7;\n        border-color: #c7aa8e;\n        color: #252321;\n        transform: translateY(-1px);\n    }\n\n    .medical-review__meta {\n        display: grid;\n        grid-template-columns: repeat(2, minmax(0, 1fr));\n        gap: 20px 40px;\n        margin-top: 34px;\n        padding-top: 30px;\n        border-top: 1px solid #ded7d0;\n    }\n\n    .medical-review__meta-item {\n        display: flex;\n        gap: 16px;\n        align-items: center;\n        min-width: 0;\n    }\n\n    .medical-review__meta-item p {\n        margin: 0;\n        color: #2c2927;\n        font-size: 16px;\n        line-height: 1.55;\n    }\n\n    .medical-review__icon {\n        display: inline-flex;\n        flex: 0 0 52px;\n        align-items: center;\n        justify-content: center;\n        width: 52px;\n        height: 52px;\n        background: #eee3d7;\n        border-radius: 50%;\n        color: #252321;\n    }\n\n    .medical-review__icon svg {\n        width: 24px;\n        height: 24px;\n        fill: none;\n        stroke: currentColor;\n        stroke-width: 1.8;\n        stroke-linecap: round;\n        stroke-linejoin: round;\n    }\n\n    .medical-review__links {\n        display: flex;\n        flex-wrap: wrap;\n        gap: 14px 28px;\n        align-items: center;\n        margin-top: 30px;\n    }\n\n    .medical-review__button {\n        display: inline-flex;\n        align-items: center;\n        justify-content: center;\n        min-height: 48px;\n        padding: 12px 20px;\n        background: #252321;\n        border: 1px solid #252321;\n        border-radius: 999px;\n        color: #ffffff !important;\n        font-size: 15px;\n        font-weight: 700;\n        line-height: 1.2;\n        text-align: center;\n        text-decoration: none !important;\n        transition:\n            background-color 0.2s ease,\n            color 0.2s ease;\n    }\n\n    .medical-review__button:hover,\n    .medical-review__button:focus-visible {\n        background: transparent;\n        color: #252321 !important;\n    }\n\n    .medical-review__text-link {\n        font-size: 15px;\n    }\n\n    @media (max-width: 900px) {\n        .medical-review {\n            grid-template-columns: 1fr;\n            gap: 36px;\n            border-radius: 24px;\n        }\n\n        .medical-review__image {\n            max-width: 240px;\n        }\n\n        .medical-review__content h2 {\n            font-size: clamp(32px, 7vw, 46px);\n        }\n    }\n\n    @media (max-width: 600px) {\n        .medical-review {\n            margin: 32px 0;\n            padding: 28px 22px;\n            border-radius: 22px;\n        }\n\n        .medical-review__image {\n            max-width: 220px;\n            margin-inline: auto;\n        }\n\n        .medical-review__content h2 {\n            margin-bottom: 20px;\n            font-size: 32px;\n            line-height: 1.16;\n        }\n\n        .medical-review__content > p {\n            font-size: 16px;\n            line-height: 1.7;\n        }\n\n        .medical-review__specialisms-list {\n            gap: 8px;\n        }\n\n        .medical-review__specialisms-list a {\n            padding: 8px 12px;\n            font-size: 13px;\n        }\n\n        .medical-review__meta {\n            grid-template-columns: 1fr;\n            gap: 20px;\n        }\n\n        .medical-review__links {\n            flex-direction: column;\n            align-items: stretch;\n        }\n\n        .medical-review__button {\n            width: 100%;\n        }\n\n        .medical-review__text-link {\n            display: inline-block;\n        }\n    }\n<\/style><aside class=\"medical-review\" aria-labelledby=\"medical-review-title\"><figure class=\"medical-review__image\"><div class=\"medical-review__photo\"><img decoding=\"async\" src=\"https:\/\/aeprilclinics.nl\/wp-content\/uploads\/2026\/07\/BN4A8634-scaled-1.jpg\" alt=\"Drs. Elnaz Alagha, BIG-geregistreerd cosmetisch arts en medisch directrice van Aepril Clinics\" loading=\"lazy\"\/><\/div><figcaption class=\"medical-review__identity\"><span class=\"medical-review__name\">drs. Elnaz Alagha\n            <\/span><span class=\"medical-review__role\">BIG-geregistreerd cosmetisch arts<br\/>Eigenaresse en medisch directrice\n            <\/span><\/figcaption><blockquote class=\"medical-review__quote\">\u201cSoms is geen behandeling de beste behandeling.\u201d\n            <cite>\u2014 drs. Elnaz Alagha<\/cite><\/blockquote><\/figure><div class=\"medical-review__content\"><span class=\"medical-review__label\">Medisch gecontroleerd\n        <\/span><h2 id=\"medical-review-title\">Medisch gecontroleerd door drs. Elnaz Alagha\n        <\/h2><p>De medische informatie op deze pagina is gecontroleerd door\n            <a href=\"https:\/\/aeprilclinics.nl\/pt-br\/doutor-elnaz-alagha\/\">drs. Elnaz Alagha\n            <\/a>,\n            BIG-geregistreerd cosmetisch arts, eigenaresse en medisch\n            directrice van Aepril Cosmetic Clinics.\n        <\/p><p>Drs. Elnaz Alagha beoordeelt de informatie op deze pagina op\n            medische juistheid, actualiteit en wetenschappelijke onderbouwing.\n            De inhoud wordt periodiek herzien aan de hand van relevante\n            medische inzichten en geldende kwaliteitskaders binnen de\n            cosmetische geneeskunde.\n        <\/p><div class=\"medical-review__specialisms\"><span class=\"medical-review__specialisms-title\">Specialisaties\n            <\/span><ul class=\"medical-review__specialisms-list\"><li><a href=\"https:\/\/aeprilclinics.nl\/pt-br\/botox\/\">Botulinetoxine\n                    <\/a><\/li><li><a href=\"https:\/\/aeprilclinics.nl\/pt-br\/preenchimentos-2\/\">Fillers\n                    <\/a><\/li><li><a href=\"https:\/\/aeprilclinics.nl\/pt-br\/melhoria-da-pele\/\">Skinboosters\n                    <\/a><\/li><li><a href=\"https:\/\/aeprilclinics.nl\/pt-br\/melhoria-da-pele\/\">Biostimulatoren\n                    <\/a><\/li><li><a href=\"https:\/\/aeprilclinics.nl\/pt-br\/perda-de-peso-medica-com-injecoes\/\">Medisch afvallen\n                    <\/a><\/li><\/ul><\/div><div class=\"medical-review__meta\"><div class=\"medical-review__meta-item\"><span class=\"medical-review__icon\" aria-hidden=\"true\"><svg viewbox=\"0 0 24 24\"><rect x=\"3\" y=\"5\" width=\"18\" height=\"16\" rx=\"2\"><\/rect><path d=\"M8 3v4\"><\/path><path d=\"M16 3v4\"><\/path><path d=\"M3 10h18\"><\/path><path d=\"M8 14h3v3H8z\"><\/path><\/svg><\/span><p><strong>Laatst medisch beoordeeld:<\/strong><br\/><time datetime=\"2026-07-26\">26 juli 2026\n                    <\/time><\/p><\/div><div class=\"medical-review__meta-item\"><span class=\"medical-review__icon\" aria-hidden=\"true\"><svg viewbox=\"0 0 24 24\"><path d=\"M12 3l7 3v5c0 4.8-2.9 8.7-7 10-4.1-1.3-7-5.2-7-10V6l7-3z\"><\/path><path d=\"M9 12l2 2 4-5\"><\/path><\/svg><\/span><p><strong>BIG-nummer:<\/strong><br\/>09932325201\n                <\/p><\/div><\/div><nav class=\"medical-review__links\" aria-label=\"Informatie over de medisch reviewer\"><a class=\"medical-review__button\" href=\"https:\/\/aeprilclinics.nl\/pt-br\/doutor-elnaz-alagha\/\">Bekijk het profiel van drs. Elnaz Alagha\n            <\/a><a class=\"medical-review__text-link\" href=\"https:\/\/zoeken.bigregister.nl\/zorgverlener\/f35d0627-bb20-405c-8b19-e61f66d43c35\" target=\"_blank\" rel=\"noopener noreferrer\">Controleer de BIG-registratie\n            <\/a><a class=\"medical-review__text-link\" href=\"https:\/\/aeprilclinics.nl\/pt-br\/informacoes-medicas\/\">Lees onze medische kwaliteitskaders\n            <\/a><\/nav><\/div><\/aside>\n","protected":false},"excerpt":{"rendered":"<p>A regi\u00e3o central do rosto, a \u00e1rea entre os olhos e a boca, \u00e9 uma das zonas mais determinantes quando se trata do envelhecimento facial. Quando se perde volume nessa regi\u00e3o, a pele fica mais fl\u00e1cida, os sulcos nasolabiais ficam&#8230;<\/p>\n","protected":false},"author":14,"featured_media":9000,"comment_status":"closed","ping_status":"open","sticky":false,"template":"","format":"standard","meta":{"_acf_changed":false,"footnotes":""},"categories":[243],"tags":[],"class_list":["post-13859","post","type-post","status-publish","format-standard","has-post-thumbnail","hentry","category-preenchimentos"],"acf":[],"yoast_head":"<!-- This site is optimized with the Yoast SEO plugin v28.2 - https:\/\/yoast.com\/product\/yoast-seo-wordpress\/ -->\n<title>Preenchimento da regi\u00e3o m\u00e9dia do rosto: recuperar o volume na parte central do rosto - Aepril<\/title>\n<meta name=\"description\" content=\"Descubra como um preenchimento para a regi\u00e3o m\u00e9dia do rosto restaura o volume perdido e proporciona uma apar\u00eancia revigorada e natural. Leia como funciona o tratamento.\" \/>\n<meta name=\"robots\" content=\"index, follow, max-snippet:-1, max-image-preview:large, max-video-preview:-1\" \/>\n<link rel=\"canonical\" href=\"https:\/\/aeprilclinics.nl\/pt-br\/2026\/07\/13\/preenchimento-da-regiao-media-do-rosto-recuperar-o-volume-na-parte-central-do-rosto\/\" \/>\n<meta property=\"og:locale\" content=\"pt_BR\" \/>\n<meta property=\"og:type\" content=\"article\" \/>\n<meta property=\"og:title\" content=\"Preenchimento da regi\u00e3o m\u00e9dia do rosto: recuperar o volume na parte central do rosto - Aepril\" \/>\n<meta property=\"og:description\" content=\"Descubra como um preenchimento para a regi\u00e3o m\u00e9dia do rosto restaura o volume perdido e proporciona uma apar\u00eancia revigorada e natural. Leia como funciona o tratamento.\" \/>\n<meta property=\"og:url\" content=\"https:\/\/aeprilclinics.nl\/pt-br\/2026\/07\/13\/preenchimento-da-regiao-media-do-rosto-recuperar-o-volume-na-parte-central-do-rosto\/\" \/>\n<meta property=\"og:site_name\" content=\"Aepril\" \/>\n<meta property=\"article:published_time\" content=\"2026-07-13T05:15:00+00:00\" \/>\n<meta property=\"article:modified_time\" content=\"2026-07-29T11:23:59+00:00\" \/>\n<meta property=\"og:image\" content=\"https:\/\/aeprilclinics.nl\/wp-content\/uploads\/2025\/01\/BN4A9818-Verbeterd-NR-scaled.jpg\" \/>\n\t<meta property=\"og:image:width\" content=\"1707\" \/>\n\t<meta property=\"og:image:height\" content=\"2560\" \/>\n\t<meta property=\"og:image:type\" content=\"image\/jpeg\" \/>\n<meta name=\"author\" content=\"aeprilclinics\" \/>\n<meta name=\"twitter:card\" content=\"summary_large_image\" \/>\n<meta name=\"twitter:label1\" content=\"Escrito por\" \/>\n\t<meta name=\"twitter:data1\" content=\"aeprilclinics\" \/>\n\t<meta name=\"twitter:label2\" content=\"Est. tempo de leitura\" \/>\n\t<meta name=\"twitter:data2\" content=\"5 minutos\" \/>\n<script type=\"application\/ld+json\" class=\"yoast-schema-graph\">{\"@context\":\"https:\\\/\\\/schema.org\",\"@graph\":[{\"@type\":\"Article\",\"@id\":\"https:\\\/\\\/aeprilclinics.nl\\\/pt-br\\\/2026\\\/07\\\/13\\\/preenchimento-da-regiao-media-do-rosto-recuperar-o-volume-na-parte-central-do-rosto\\\/#article\",\"isPartOf\":{\"@id\":\"https:\\\/\\\/aeprilclinics.nl\\\/pt-br\\\/2026\\\/07\\\/13\\\/preenchimento-da-regiao-media-do-rosto-recuperar-o-volume-na-parte-central-do-rosto\\\/\"},\"author\":{\"name\":\"aeprilclinics\",\"@id\":\"https:\\\/\\\/aeprilclinics.nl\\\/pt-br\\\/#\\\/schema\\\/person\\\/f54a59cea7d70709dda289bfad6820a2\"},\"headline\":\"Preenchimento da regi\u00e3o m\u00e9dia do rosto: recuperar o volume na parte central do rosto\",\"datePublished\":\"2026-07-13T05:15:00+00:00\",\"dateModified\":\"2026-07-29T11:23:59+00:00\",\"mainEntityOfPage\":{\"@id\":\"https:\\\/\\\/aeprilclinics.nl\\\/pt-br\\\/2026\\\/07\\\/13\\\/preenchimento-da-regiao-media-do-rosto-recuperar-o-volume-na-parte-central-do-rosto\\\/\"},\"wordCount\":949,\"image\":{\"@id\":\"https:\\\/\\\/aeprilclinics.nl\\\/pt-br\\\/2026\\\/07\\\/13\\\/preenchimento-da-regiao-media-do-rosto-recuperar-o-volume-na-parte-central-do-rosto\\\/#primaryimage\"},\"thumbnailUrl\":\"https:\\\/\\\/aeprilclinics.nl\\\/wp-content\\\/uploads\\\/2025\\\/01\\\/BN4A9818-Verbeterd-NR-scaled.jpg\",\"articleSection\":[\"Preenchimentos\"],\"inLanguage\":\"pt-BR\"},{\"@type\":\"WebPage\",\"@id\":\"https:\\\/\\\/aeprilclinics.nl\\\/pt-br\\\/2026\\\/07\\\/13\\\/preenchimento-da-regiao-media-do-rosto-recuperar-o-volume-na-parte-central-do-rosto\\\/\",\"url\":\"https:\\\/\\\/aeprilclinics.nl\\\/pt-br\\\/2026\\\/07\\\/13\\\/preenchimento-da-regiao-media-do-rosto-recuperar-o-volume-na-parte-central-do-rosto\\\/\",\"name\":\"Preenchimento da regi\u00e3o m\u00e9dia do rosto: recuperar o volume na parte central do rosto - Aepril\",\"isPartOf\":{\"@id\":\"https:\\\/\\\/aeprilclinics.nl\\\/pt-br\\\/#website\"},\"primaryImageOfPage\":{\"@id\":\"https:\\\/\\\/aeprilclinics.nl\\\/pt-br\\\/2026\\\/07\\\/13\\\/preenchimento-da-regiao-media-do-rosto-recuperar-o-volume-na-parte-central-do-rosto\\\/#primaryimage\"},\"image\":{\"@id\":\"https:\\\/\\\/aeprilclinics.nl\\\/pt-br\\\/2026\\\/07\\\/13\\\/preenchimento-da-regiao-media-do-rosto-recuperar-o-volume-na-parte-central-do-rosto\\\/#primaryimage\"},\"thumbnailUrl\":\"https:\\\/\\\/aeprilclinics.nl\\\/wp-content\\\/uploads\\\/2025\\\/01\\\/BN4A9818-Verbeterd-NR-scaled.jpg\",\"datePublished\":\"2026-07-13T05:15:00+00:00\",\"dateModified\":\"2026-07-29T11:23:59+00:00\",\"author\":{\"@id\":\"https:\\\/\\\/aeprilclinics.nl\\\/pt-br\\\/#\\\/schema\\\/person\\\/f54a59cea7d70709dda289bfad6820a2\"},\"description\":\"Descubra como um preenchimento para a regi\u00e3o m\u00e9dia do rosto restaura o volume perdido e proporciona uma apar\u00eancia revigorada e natural. Leia como funciona o tratamento.\",\"breadcrumb\":{\"@id\":\"https:\\\/\\\/aeprilclinics.nl\\\/pt-br\\\/2026\\\/07\\\/13\\\/preenchimento-da-regiao-media-do-rosto-recuperar-o-volume-na-parte-central-do-rosto\\\/#breadcrumb\"},\"inLanguage\":\"pt-BR\",\"potentialAction\":[{\"@type\":\"ReadAction\",\"target\":[\"https:\\\/\\\/aeprilclinics.nl\\\/pt-br\\\/2026\\\/07\\\/13\\\/preenchimento-da-regiao-media-do-rosto-recuperar-o-volume-na-parte-central-do-rosto\\\/\"]}]},{\"@type\":\"ImageObject\",\"inLanguage\":\"pt-BR\",\"@id\":\"https:\\\/\\\/aeprilclinics.nl\\\/pt-br\\\/2026\\\/07\\\/13\\\/preenchimento-da-regiao-media-do-rosto-recuperar-o-volume-na-parte-central-do-rosto\\\/#primaryimage\",\"url\":\"https:\\\/\\\/aeprilclinics.nl\\\/wp-content\\\/uploads\\\/2025\\\/01\\\/BN4A9818-Verbeterd-NR-scaled.jpg\",\"contentUrl\":\"https:\\\/\\\/aeprilclinics.nl\\\/wp-content\\\/uploads\\\/2025\\\/01\\\/BN4A9818-Verbeterd-NR-scaled.jpg\",\"width\":1707,\"height\":2560},{\"@type\":\"BreadcrumbList\",\"@id\":\"https:\\\/\\\/aeprilclinics.nl\\\/pt-br\\\/2026\\\/07\\\/13\\\/preenchimento-da-regiao-media-do-rosto-recuperar-o-volume-na-parte-central-do-rosto\\\/#breadcrumb\",\"itemListElement\":[{\"@type\":\"ListItem\",\"position\":1,\"name\":\"Home\",\"item\":\"https:\\\/\\\/aeprilclinics.nl\\\/pt-br\\\/\"},{\"@type\":\"ListItem\",\"position\":2,\"name\":\"Preenchimento da regi\u00e3o m\u00e9dia do rosto: recuperar o volume na parte central do rosto\"}]},{\"@type\":\"WebSite\",\"@id\":\"https:\\\/\\\/aeprilclinics.nl\\\/pt-br\\\/#website\",\"url\":\"https:\\\/\\\/aeprilclinics.nl\\\/pt-br\\\/\",\"name\":\"Aepril\",\"description\":\"\",\"potentialAction\":[{\"@type\":\"SearchAction\",\"target\":{\"@type\":\"EntryPoint\",\"urlTemplate\":\"https:\\\/\\\/aeprilclinics.nl\\\/pt-br\\\/?s={search_term_string}\"},\"query-input\":{\"@type\":\"PropertyValueSpecification\",\"valueRequired\":true,\"valueName\":\"search_term_string\"}}],\"inLanguage\":\"pt-BR\"},{\"@type\":\"Person\",\"@id\":\"https:\\\/\\\/aeprilclinics.nl\\\/pt-br\\\/#\\\/schema\\\/person\\\/f54a59cea7d70709dda289bfad6820a2\",\"name\":\"aeprilclinics\",\"image\":{\"@type\":\"ImageObject\",\"inLanguage\":\"pt-BR\",\"@id\":\"https:\\\/\\\/secure.gravatar.com\\\/avatar\\\/659a22d1778d4ca93e9b66b745d250e5d0b6b87ede9ac55c337bbd0d73003c44?s=96&d=mm&r=g\",\"url\":\"https:\\\/\\\/secure.gravatar.com\\\/avatar\\\/659a22d1778d4ca93e9b66b745d250e5d0b6b87ede9ac55c337bbd0d73003c44?s=96&d=mm&r=g\",\"contentUrl\":\"https:\\\/\\\/secure.gravatar.com\\\/avatar\\\/659a22d1778d4ca93e9b66b745d250e5d0b6b87ede9ac55c337bbd0d73003c44?s=96&d=mm&r=g\",\"caption\":\"aeprilclinics\"},\"url\":\"https:\\\/\\\/aeprilclinics.nl\\\/pt-br\\\/author\\\/aeprilclinics\\\/\"}]}<\/script>\n<!-- \/ Yoast SEO plugin. -->","yoast_head_json":{"title":"Preenchimento da regi\u00e3o m\u00e9dia do rosto: recuperar o volume na parte central do rosto - Aepril","description":"Descubra como um preenchimento para a regi\u00e3o m\u00e9dia do rosto restaura o volume perdido e proporciona uma apar\u00eancia revigorada e natural. Leia como funciona o tratamento.","robots":{"index":"index","follow":"follow","max-snippet":"max-snippet:-1","max-image-preview":"max-image-preview:large","max-video-preview":"max-video-preview:-1"},"canonical":"https:\/\/aeprilclinics.nl\/pt-br\/2026\/07\/13\/preenchimento-da-regiao-media-do-rosto-recuperar-o-volume-na-parte-central-do-rosto\/","og_locale":"pt_BR","og_type":"article","og_title":"Preenchimento da regi\u00e3o m\u00e9dia do rosto: recuperar o volume na parte central do rosto - Aepril","og_description":"Descubra como um preenchimento para a regi\u00e3o m\u00e9dia do rosto restaura o volume perdido e proporciona uma apar\u00eancia revigorada e natural. Leia como funciona o tratamento.","og_url":"https:\/\/aeprilclinics.nl\/pt-br\/2026\/07\/13\/preenchimento-da-regiao-media-do-rosto-recuperar-o-volume-na-parte-central-do-rosto\/","og_site_name":"Aepril","article_published_time":"2026-07-13T05:15:00+00:00","article_modified_time":"2026-07-29T11:23:59+00:00","og_image":[{"width":1707,"height":2560,"url":"https:\/\/aeprilclinics.nl\/wp-content\/uploads\/2025\/01\/BN4A9818-Verbeterd-NR-scaled.jpg","type":"image\/jpeg"}],"author":"aeprilclinics","twitter_card":"summary_large_image","twitter_misc":{"Escrito por":"aeprilclinics","Est. tempo de leitura":"5 minutos"},"schema":{"@context":"https:\/\/schema.org","@graph":[{"@type":"Article","@id":"https:\/\/aeprilclinics.nl\/pt-br\/2026\/07\/13\/preenchimento-da-regiao-media-do-rosto-recuperar-o-volume-na-parte-central-do-rosto\/#article","isPartOf":{"@id":"https:\/\/aeprilclinics.nl\/pt-br\/2026\/07\/13\/preenchimento-da-regiao-media-do-rosto-recuperar-o-volume-na-parte-central-do-rosto\/"},"author":{"name":"aeprilclinics","@id":"https:\/\/aeprilclinics.nl\/pt-br\/#\/schema\/person\/f54a59cea7d70709dda289bfad6820a2"},"headline":"Preenchimento da regi\u00e3o m\u00e9dia do rosto: recuperar o volume na parte central do rosto","datePublished":"2026-07-13T05:15:00+00:00","dateModified":"2026-07-29T11:23:59+00:00","mainEntityOfPage":{"@id":"https:\/\/aeprilclinics.nl\/pt-br\/2026\/07\/13\/preenchimento-da-regiao-media-do-rosto-recuperar-o-volume-na-parte-central-do-rosto\/"},"wordCount":949,"image":{"@id":"https:\/\/aeprilclinics.nl\/pt-br\/2026\/07\/13\/preenchimento-da-regiao-media-do-rosto-recuperar-o-volume-na-parte-central-do-rosto\/#primaryimage"},"thumbnailUrl":"https:\/\/aeprilclinics.nl\/wp-content\/uploads\/2025\/01\/BN4A9818-Verbeterd-NR-scaled.jpg","articleSection":["Preenchimentos"],"inLanguage":"pt-BR"},{"@type":"WebPage","@id":"https:\/\/aeprilclinics.nl\/pt-br\/2026\/07\/13\/preenchimento-da-regiao-media-do-rosto-recuperar-o-volume-na-parte-central-do-rosto\/","url":"https:\/\/aeprilclinics.nl\/pt-br\/2026\/07\/13\/preenchimento-da-regiao-media-do-rosto-recuperar-o-volume-na-parte-central-do-rosto\/","name":"Preenchimento da regi\u00e3o m\u00e9dia do rosto: recuperar o volume na parte central do rosto - Aepril","isPartOf":{"@id":"https:\/\/aeprilclinics.nl\/pt-br\/#website"},"primaryImageOfPage":{"@id":"https:\/\/aeprilclinics.nl\/pt-br\/2026\/07\/13\/preenchimento-da-regiao-media-do-rosto-recuperar-o-volume-na-parte-central-do-rosto\/#primaryimage"},"image":{"@id":"https:\/\/aeprilclinics.nl\/pt-br\/2026\/07\/13\/preenchimento-da-regiao-media-do-rosto-recuperar-o-volume-na-parte-central-do-rosto\/#primaryimage"},"thumbnailUrl":"https:\/\/aeprilclinics.nl\/wp-content\/uploads\/2025\/01\/BN4A9818-Verbeterd-NR-scaled.jpg","datePublished":"2026-07-13T05:15:00+00:00","dateModified":"2026-07-29T11:23:59+00:00","author":{"@id":"https:\/\/aeprilclinics.nl\/pt-br\/#\/schema\/person\/f54a59cea7d70709dda289bfad6820a2"},"description":"Descubra como um preenchimento para a regi\u00e3o m\u00e9dia do rosto restaura o volume perdido e proporciona uma apar\u00eancia revigorada e natural. Leia como funciona o tratamento.","breadcrumb":{"@id":"https:\/\/aeprilclinics.nl\/pt-br\/2026\/07\/13\/preenchimento-da-regiao-media-do-rosto-recuperar-o-volume-na-parte-central-do-rosto\/#breadcrumb"},"inLanguage":"pt-BR","potentialAction":[{"@type":"ReadAction","target":["https:\/\/aeprilclinics.nl\/pt-br\/2026\/07\/13\/preenchimento-da-regiao-media-do-rosto-recuperar-o-volume-na-parte-central-do-rosto\/"]}]},{"@type":"ImageObject","inLanguage":"pt-BR","@id":"https:\/\/aeprilclinics.nl\/pt-br\/2026\/07\/13\/preenchimento-da-regiao-media-do-rosto-recuperar-o-volume-na-parte-central-do-rosto\/#primaryimage","url":"https:\/\/aeprilclinics.nl\/wp-content\/uploads\/2025\/01\/BN4A9818-Verbeterd-NR-scaled.jpg","contentUrl":"https:\/\/aeprilclinics.nl\/wp-content\/uploads\/2025\/01\/BN4A9818-Verbeterd-NR-scaled.jpg","width":1707,"height":2560},{"@type":"BreadcrumbList","@id":"https:\/\/aeprilclinics.nl\/pt-br\/2026\/07\/13\/preenchimento-da-regiao-media-do-rosto-recuperar-o-volume-na-parte-central-do-rosto\/#breadcrumb","itemListElement":[{"@type":"ListItem","position":1,"name":"Home","item":"https:\/\/aeprilclinics.nl\/pt-br\/"},{"@type":"ListItem","position":2,"name":"Preenchimento da regi\u00e3o m\u00e9dia do rosto: recuperar o volume na parte central do rosto"}]},{"@type":"WebSite","@id":"https:\/\/aeprilclinics.nl\/pt-br\/#website","url":"https:\/\/aeprilclinics.nl\/pt-br\/","name":"Aepril","description":"","potentialAction":[{"@type":"SearchAction","target":{"@type":"EntryPoint","urlTemplate":"https:\/\/aeprilclinics.nl\/pt-br\/?s={search_term_string}"},"query-input":{"@type":"PropertyValueSpecification","valueRequired":true,"valueName":"search_term_string"}}],"inLanguage":"pt-BR"},{"@type":"Person","@id":"https:\/\/aeprilclinics.nl\/pt-br\/#\/schema\/person\/f54a59cea7d70709dda289bfad6820a2","name":"aeprilclinics","image":{"@type":"ImageObject","inLanguage":"pt-BR","@id":"https:\/\/secure.gravatar.com\/avatar\/659a22d1778d4ca93e9b66b745d250e5d0b6b87ede9ac55c337bbd0d73003c44?s=96&d=mm&r=g","url":"https:\/\/secure.gravatar.com\/avatar\/659a22d1778d4ca93e9b66b745d250e5d0b6b87ede9ac55c337bbd0d73003c44?s=96&d=mm&r=g","contentUrl":"https:\/\/secure.gravatar.com\/avatar\/659a22d1778d4ca93e9b66b745d250e5d0b6b87ede9ac55c337bbd0d73003c44?s=96&d=mm&r=g","caption":"aeprilclinics"},"url":"https:\/\/aeprilclinics.nl\/pt-br\/author\/aeprilclinics\/"}]}},"_links":{"self":[{"href":"https:\/\/aeprilclinics.nl\/pt-br\/wp-json\/wp\/v2\/posts\/13859","targetHints":{"allow":["GET"]}}],"collection":[{"href":"https:\/\/aeprilclinics.nl\/pt-br\/wp-json\/wp\/v2\/posts"}],"about":[{"href":"https:\/\/aeprilclinics.nl\/pt-br\/wp-json\/wp\/v2\/types\/post"}],"author":[{"embeddable":true,"href":"https:\/\/aeprilclinics.nl\/pt-br\/wp-json\/wp\/v2\/users\/14"}],"replies":[{"embeddable":true,"href":"https:\/\/aeprilclinics.nl\/pt-br\/wp-json\/wp\/v2\/comments?post=13859"}],"version-history":[{"count":3,"href":"https:\/\/aeprilclinics.nl\/pt-br\/wp-json\/wp\/v2\/posts\/13859\/revisions"}],"predecessor-version":[{"id":15106,"href":"https:\/\/aeprilclinics.nl\/pt-br\/wp-json\/wp\/v2\/posts\/13859\/revisions\/15106"}],"wp:featuredmedia":[{"embeddable":true,"href":"https:\/\/aeprilclinics.nl\/pt-br\/wp-json\/wp\/v2\/media\/9000"}],"wp:attachment":[{"href":"https:\/\/aeprilclinics.nl\/pt-br\/wp-json\/wp\/v2\/media?parent=13859"}],"wp:term":[{"taxonomy":"category","embeddable":true,"href":"https:\/\/aeprilclinics.nl\/pt-br\/wp-json\/wp\/v2\/categories?post=13859"},{"taxonomy":"post_tag","embeddable":true,"href":"https:\/\/aeprilclinics.nl\/pt-br\/wp-json\/wp\/v2\/tags?post=13859"}],"curies":[{"name":"wp","href":"https:\/\/api.w.org\/{rel}","templated":true}]}}