{"id":19217,"date":"2026-08-31T08:55:00","date_gmt":"2026-08-31T08:55:00","guid":{"rendered":"https:\/\/aeprilclinics.nl\/polyphil-face-de-ladn-de-saumon-pour-votre-visage\/"},"modified":"2026-08-31T08:55:50","modified_gmt":"2026-08-31T08:55:50","slug":"polyphil-face-de-ladn-de-saumon-pour-votre-visage","status":"publish","type":"post","link":"https:\/\/aeprilclinics.nl\/fr\/2026\/08\/31\/polyphil-face-de-ladn-de-saumon-pour-votre-visage\/","title":{"rendered":"PolyPhil Face : de l&rsquo;ADN de saumon pour votre visage"},"content":{"rendered":"\n<p class=\"wp-block-paragraph\"><strong>Une peau plus s\u00e8che, plus terne ou moins ferme ne n\u00e9cessite pas toujours un apport de volume. Parfois, vous souhaitez avant tout am\u00e9liorer la qualit\u00e9 de votre peau. PolyPhil Face est sp\u00e9cialement con\u00e7u \u00e0 cet effet et utilise des polynucl\u00e9otides, \u00e9galement appel\u00e9s \u00ab ADN de saumon \u00bb. Dans cet article, vous d\u00e9couvrirez les bienfaits de PolyPhil Face pour la peau du visage, le d\u00e9roulement du traitement et ce \u00e0 quoi vous pouvez vous attendre.   <\/strong><\/p>\n\n<div style=\"height:25px\" aria-hidden=\"true\" class=\"wp-block-spacer\"><\/div>\n\n<div class=\"wp-block-media-text is-stacked-on-mobile is-image-fill-element\"><figure class=\"wp-block-media-text__media\"><img loading=\"lazy\" decoding=\"async\" width=\"683\" height=\"1024\" src=\"https:\/\/aeprilclinics.nl\/wp-content\/uploads\/2026\/03\/Polynucleotiden-Aepril-Clinics-683x1024.png\" alt=\"\" class=\"wp-image-5517 size-full\" style=\"object-position:50% 50%\" srcset=\"https:\/\/aeprilclinics.nl\/wp-content\/uploads\/2026\/03\/Polynucleotiden-Aepril-Clinics-683x1024.png 683w, https:\/\/aeprilclinics.nl\/wp-content\/uploads\/2026\/03\/Polynucleotiden-Aepril-Clinics-200x300.png 200w, https:\/\/aeprilclinics.nl\/wp-content\/uploads\/2026\/03\/Polynucleotiden-Aepril-Clinics-768x1152.png 768w, https:\/\/aeprilclinics.nl\/wp-content\/uploads\/2026\/03\/Polynucleotiden-Aepril-Clinics-180x270.png 180w, https:\/\/aeprilclinics.nl\/wp-content\/uploads\/2026\/03\/Polynucleotiden-Aepril-Clinics.png 1024w\" sizes=\"auto, (max-width: 683px) 100vw, 683px\" \/><\/figure><div class=\"wp-block-media-text__content\">\n<h5 class=\"wp-block-heading\">Tout d&rsquo;abord, ceci<\/h5>\n\n\n\n<h2 class=\"wp-block-heading\">Qu&rsquo;est-ce que l&rsquo;ADN de saumon, au juste ?<\/h2>\n\n\n\n<p class=\"wp-block-paragraph\">Le nom \u00ab <em>Salmon DNA<\/em> \u00bb peut sembler un peu particulier. Avec <a href=\"https:\/\/aeprilclinics.nl\/fr\/amelioration-de-la-peau\/adn-de-saumon-polyphile-traitement-du-visage\/\" data-type=\"behandeling\" data-id=\"4868\">PolyPhil<\/a>, il s&rsquo;agit de <strong>polynucl\u00e9otides<\/strong>: de petits fragments d&rsquo;ADN utilis\u00e9s pour favoriser les processus naturels de la peau. <\/p>\n\n\n\n<p class=\"wp-block-paragraph\">Ce traitement est donc fondamentalement diff\u00e9rent d&rsquo;un produit de comblement. Il ne vise pas, par exemple, \u00e0 redonner du volume \u00e0 vos pommettes ou \u00e0 modifier le contour de votre visage. L&rsquo;objectif est d&rsquo;<strong>am\u00e9liorer la peau de l&rsquo;int\u00e9rieur<\/strong>.  <\/p>\n\n\n\n<p class=\"wp-block-paragraph\">Souhaitez-vous d&rsquo;abord en savoir plus sur le principe actif ? Consultez notre blog <strong><a href=\"https:\/\/aeprilclinics.nl\/fr\/2026\/03\/02\/que-sont-les-polynucleotides-et-sont-ils-vraiment-efficaces\/\" data-type=\"post\" data-id=\"5516\">\u00ab Que sont les polynucl\u00e9otides et sont-ils vraiment efficaces ? \u00bb,<\/a><\/strong> , nous abordons plus en d\u00e9tail le sujet des polynucl\u00e9otides. <\/p>\n<\/div><\/div>\n\n<div style=\"height:50px\" aria-hidden=\"true\" class=\"wp-block-spacer\"><\/div>\n\n<div class=\"wp-block-media-text has-media-on-the-right is-stacked-on-mobile is-image-fill-element\"><div class=\"wp-block-media-text__content\">\n<h5 class=\"wp-block-heading\">Qualit\u00e9 de la peau<\/h5>\n\n\n\n<h2 class=\"wp-block-heading\">Quels sont les bienfaits de PolyPhil Face pour votre peau ?<\/h2>\n\n\n\n<p class=\"wp-block-paragraph\">PolyPhil Face s&rsquo;utilise lorsque la peau a besoin d&rsquo;un petit coup de pouce. Pensez notamment \u00e0 une peau qui semble moins ferme, qui s&rsquo;est un peu ass\u00e9ch\u00e9e ou qui commence \u00e0 perdre de son \u00e9clat. <\/p>\n\n\n\n<p class=\"wp-block-paragraph\">Le traitement porte notamment sur :<\/p>\n\n\n\n<ul class=\"wp-block-list\">\n<li>Favoriser la production de collag\u00e8ne ;<\/li>\n\n\n\n<li>Hydratation de la peau ;<\/li>\n\n\n\n<li>Am\u00e9lioration de la texture de la peau ;<\/li>\n\n\n\n<li>Plus de fermet\u00e9 et d&rsquo;\u00e9lasticit\u00e9 ;<\/li>\n\n\n\n<li>Att\u00e9nuer les ridules ;<\/li>\n\n\n\n<li>Un aspect plus frais de la peau.<\/li>\n<\/ul>\n\n\n\n<p class=\"wp-block-paragraph\">L&rsquo;objectif n&rsquo;est donc pas que votre visage ait un aspect diff\u00e9rent apr\u00e8s le traitement.  <strong>Vous travaillez directement sur la peau.<\/strong>  C&rsquo;est ce qui rend PolyPhil int\u00e9ressant si vous recherchez une am\u00e9lioration de la peau sans volume suppl\u00e9mentaire.<\/p>\n<\/div><figure class=\"wp-block-media-text__media\"><img loading=\"lazy\" decoding=\"async\" width=\"1024\" height=\"768\" src=\"https:\/\/aeprilclinics.nl\/wp-content\/uploads\/2026\/05\/Profhilo-stralende-huid-1024x768.png\" alt=\"\" class=\"wp-image-6062 size-full\" style=\"object-position:50% 50%\" srcset=\"https:\/\/aeprilclinics.nl\/wp-content\/uploads\/2026\/05\/Profhilo-stralende-huid-1024x768.png 1024w, https:\/\/aeprilclinics.nl\/wp-content\/uploads\/2026\/05\/Profhilo-stralende-huid-300x225.png 300w, https:\/\/aeprilclinics.nl\/wp-content\/uploads\/2026\/05\/Profhilo-stralende-huid-768x576.png 768w, https:\/\/aeprilclinics.nl\/wp-content\/uploads\/2026\/05\/Profhilo-stralende-huid-360x270.png 360w, https:\/\/aeprilclinics.nl\/wp-content\/uploads\/2026\/05\/Profhilo-stralende-huid.png 1448w\" sizes=\"auto, (max-width: 1024px) 100vw, 1024px\" \/><\/figure><\/div>\n\n<div style=\"height:50px\" aria-hidden=\"true\" class=\"wp-block-spacer\"><\/div>\n\n<div class=\"wp-block-media-text is-stacked-on-mobile is-image-fill-element\"><figure class=\"wp-block-media-text__media\"><img loading=\"lazy\" decoding=\"async\" width=\"1024\" height=\"683\" src=\"https:\/\/aeprilclinics.nl\/wp-content\/uploads\/2026\/07\/Profhilo-Body-slappe-huid-armen-2-1024x683.png\" alt=\"\" class=\"wp-image-13294 size-full\" style=\"object-position:50% 50%\" srcset=\"https:\/\/aeprilclinics.nl\/wp-content\/uploads\/2026\/07\/Profhilo-Body-slappe-huid-armen-2-1024x683.png 1024w, https:\/\/aeprilclinics.nl\/wp-content\/uploads\/2026\/07\/Profhilo-Body-slappe-huid-armen-2-300x200.png 300w, https:\/\/aeprilclinics.nl\/wp-content\/uploads\/2026\/07\/Profhilo-Body-slappe-huid-armen-2-768x512.png 768w, https:\/\/aeprilclinics.nl\/wp-content\/uploads\/2026\/07\/Profhilo-Body-slappe-huid-armen-2-405x270.png 405w, https:\/\/aeprilclinics.nl\/wp-content\/uploads\/2026\/07\/Profhilo-Body-slappe-huid-armen-2.png 1536w\" sizes=\"auto, (max-width: 1024px) 100vw, 1024px\" \/><\/figure><div class=\"wp-block-media-text__content\">\n<h5 class=\"wp-block-heading\">Visage<\/h5>\n\n\n\n<h2 class=\"wp-block-heading\">Quelles zones peut-on traiter avec PolyPhil Face ?<\/h2>\n\n\n\n<p class=\"wp-block-paragraph\">PolyPhil Face est destin\u00e9 \u00e0 am\u00e9liorer l&rsquo;aspect de la peau du visage. Les zones \u00e0 traiter d\u00e9pendent de votre peau et des aspects que vous souhaitez am\u00e9liorer. <\/p>\n\n\n\n<p class=\"wp-block-paragraph\">La peau du contour des yeux, par exemple, n\u00e9cessite une approche diff\u00e9rente. C&rsquo;est pourquoi Aepril Clinics propose <strong><a href=\"https:\/\/aeprilclinics.nl\/fr\/amelioration-de-la-peau\/adn-de-saumon-polyphile-traitement-des-yeux\/\" data-type=\"behandeling\" data-id=\"1484\">PolyPhil Salmon DNA Eyes<\/a><\/strong> . Pour les cheveux et le cuir chevelu, il existe <strong><a href=\"https:\/\/aeprilclinics.nl\/fr\/amelioration-de-la-peau\/polyphil-salmon-dna-traitement-des-cheveux\/\" data-type=\"behandeling\" data-id=\"4873\">PolyPhil Salmon DNA Hair<\/a><\/strong>.  <\/p>\n\n\n\n<p class=\"wp-block-paragraph\">Le traitement peut ainsi \u00eatre adapt\u00e9 \u00e0 chaque zone, plut\u00f4t que d&rsquo;appliquer la m\u00eame approche partout.<\/p>\n<\/div><\/div>\n\n<div style=\"height:50px\" aria-hidden=\"true\" class=\"wp-block-spacer\"><\/div>\n\n<div class=\"wp-block-media-text has-media-on-the-right is-stacked-on-mobile is-image-fill-element\"><div class=\"wp-block-media-text__content\">\n<h5 class=\"wp-block-heading\">Traitement<\/h5>\n\n\n\n<h2 class=\"wp-block-heading\">Comment se d\u00e9roule un soin PolyPhil Face ?<\/h2>\n\n\n\n<p class=\"wp-block-paragraph\">Au pr\u00e9alable, nous examinons votre peau et discutons des am\u00e9liorations que vous souhaitez obtenir. Sur cette base, nous d\u00e9terminons si PolyPhil Face r\u00e9pond \u00e0 vos attentes. Au cours du traitement, les polynucl\u00e9otides sont inject\u00e9s dans la peau par de petites injections. Le produit a ensuite le temps d&rsquo;agir en profondeur dans la peau.   <\/p>\n\n\n\n<p class=\"wp-block-paragraph\">Le r\u00e9sultat <strong>ne<\/strong> se manifeste donc <strong>pas du jour au lendemain<\/strong>. Cela correspond d&rsquo;ailleurs \u00e0 l&rsquo;objectif du traitement : non pas une modification imm\u00e9diate du volume, mais une am\u00e9lioration progressive de la qualit\u00e9 de la peau. <\/p>\n\n\n\n<blockquote class=\"wp-block-quote is-layout-flow wp-block-quote-is-layout-flow\">\n<p class=\"wp-block-paragraph\"><strong>Bon \u00e0 savoir :<\/strong> remarquez-vous de petites marques de piq\u00fbres ou des petites bosses juste apr\u00e8s le traitement ? Cela peut arriver lors d&rsquo;un traitement cutan\u00e9 par injection et n&rsquo;a rien \u00e0 voir avec le r\u00e9sultat final. <\/p>\n<\/blockquote>\n<\/div><figure class=\"wp-block-media-text__media\"><img loading=\"lazy\" decoding=\"async\" width=\"683\" height=\"1024\" src=\"https:\/\/aeprilclinics.nl\/wp-content\/uploads\/2025\/01\/BN4A0034-1-1-683x1024.jpg\" alt=\"\" class=\"wp-image-1009 size-full\" style=\"object-position:50% 50%\" srcset=\"https:\/\/aeprilclinics.nl\/wp-content\/uploads\/2025\/01\/BN4A0034-1-1-683x1024.jpg 683w, https:\/\/aeprilclinics.nl\/wp-content\/uploads\/2025\/01\/BN4A0034-1-1-200x300.jpg 200w, https:\/\/aeprilclinics.nl\/wp-content\/uploads\/2025\/01\/BN4A0034-1-1-768x1152.jpg 768w, https:\/\/aeprilclinics.nl\/wp-content\/uploads\/2025\/01\/BN4A0034-1-1-1024x1536.jpg 1024w, https:\/\/aeprilclinics.nl\/wp-content\/uploads\/2025\/01\/BN4A0034-1-1-1365x2048.jpg 1365w, https:\/\/aeprilclinics.nl\/wp-content\/uploads\/2025\/01\/BN4A0034-1-1-180x270.jpg 180w, https:\/\/aeprilclinics.nl\/wp-content\/uploads\/2025\/01\/BN4A0034-1-1-scaled.jpg 1707w\" sizes=\"auto, (max-width: 683px) 100vw, 683px\" \/><\/figure><\/div>\n\n<div style=\"height:50px\" aria-hidden=\"true\" class=\"wp-block-spacer\"><\/div>\n\n<div class=\"wp-block-media-text is-stacked-on-mobile is-image-fill-element\"><figure class=\"wp-block-media-text__media\"><img loading=\"lazy\" decoding=\"async\" width=\"683\" height=\"1024\" src=\"https:\/\/aeprilclinics.nl\/wp-content\/uploads\/2025\/01\/BN4A8655-683x1024.jpg\" alt=\"\" class=\"wp-image-1007 size-full\" style=\"object-position:50% 50%\" srcset=\"https:\/\/aeprilclinics.nl\/wp-content\/uploads\/2025\/01\/BN4A8655-683x1024.jpg 683w, https:\/\/aeprilclinics.nl\/wp-content\/uploads\/2025\/01\/BN4A8655-200x300.jpg 200w, https:\/\/aeprilclinics.nl\/wp-content\/uploads\/2025\/01\/BN4A8655-768x1152.jpg 768w, https:\/\/aeprilclinics.nl\/wp-content\/uploads\/2025\/01\/BN4A8655-1024x1536.jpg 1024w, https:\/\/aeprilclinics.nl\/wp-content\/uploads\/2025\/01\/BN4A8655-1365x2048.jpg 1365w, https:\/\/aeprilclinics.nl\/wp-content\/uploads\/2025\/01\/BN4A8655-180x270.jpg 180w, https:\/\/aeprilclinics.nl\/wp-content\/uploads\/2025\/01\/BN4A8655-scaled.jpg 1707w\" sizes=\"auto, (max-width: 683px) 100vw, 683px\" \/><\/figure><div class=\"wp-block-media-text__content\">\n<h5 class=\"wp-block-heading\">Comparer<\/h5>\n\n\n\n<h2 class=\"wp-block-heading\">PolyPhil Face ou Profhilo : quelle est la diff\u00e9rence ?<\/h2>\n\n\n\n<p class=\"wp-block-paragraph\">Ces deux traitements visent \u00e0 am\u00e9liorer l&rsquo;aspect de la peau ; il est donc logique que PolyPhil et <a href=\"https:\/\/aeprilclinics.nl\/fr\/amelioration-de-la-peau\/traitement-profhilo\/\">Profhilo<\/a> soient r\u00e9guli\u00e8rement compar\u00e9s. Pourtant, leur mode d&rsquo;action n&rsquo;est pas le m\u00eame : <\/p>\n\n\n\n<figure class=\"wp-block-table\"><table class=\"has-fixed-layout\"><thead><tr><th><\/th><th>PolyPhil Face<\/th><th>Profhilo<\/th><\/tr><\/thead><tbody><tr><td>Base<\/td><td>Polynucl\u00e9otides<\/td><td>Acide hyaluronique<\/td><\/tr><tr><td>Focus<\/td><td>Favoriser la qualit\u00e9 et le renouvellement de la peau<\/td><td>Hydratation et qualit\u00e9 de la peau<\/td><\/tr><tr><td>Ajouter du volume<\/td><td>Non<\/td><td>Non<\/td><\/tr><tr><td>Utilis\u00e9 pour<\/td><td>Peau du visage<\/td><td>Visage et autres zones \u00e0 traiter<\/td><\/tr><\/tbody><\/table><\/figure>\n\n\n\n<p class=\"wp-block-paragraph\">Le choix entre les deux d\u00e9pend principalement des <strong>besoins de votre peau<\/strong>. De plus, il n&rsquo;est pas toujours n\u00e9cessaire de choisir entre l&rsquo;un ou l&rsquo;autre. Dans certains programmes de soins, diff\u00e9rents traitements destin\u00e9s \u00e0 am\u00e9liorer l&rsquo;aspect de la peau peuvent se compl\u00e9ter.  <\/p>\n<\/div><\/div>\n\n<div style=\"height:50px\" aria-hidden=\"true\" class=\"wp-block-spacer\"><\/div>\n\n<div class=\"wp-block-media-text has-media-on-the-right is-stacked-on-mobile is-image-fill-element\"><div class=\"wp-block-media-text__content\">\n<h5 class=\"wp-block-heading\">R\u00e9sultat<\/h5>\n\n\n\n<h2 class=\"wp-block-heading\">Quand les r\u00e9sultats de PolyPhil Face sont-ils visibles ?<\/h2>\n\n\n\n<p class=\"wp-block-paragraph\">PolyPhil Face agissant sur les processus cutan\u00e9s, les r\u00e9sultats apparaissent progressivement. Ne vous attendez donc pas \u00e0 un changement imm\u00e9diat, comme c&rsquo;est le cas avec un produit de comblement. <\/p>\n\n\n\n<p class=\"wp-block-paragraph\">L&rsquo;am\u00e9lioration porte justement sur des aspects tels que <strong>la structure, l&rsquo;hydratation, la fermet\u00e9 et l&rsquo;\u00e9clat<\/strong>. L&rsquo;intensit\u00e9 avec laquelle vous la remarquez varie selon votre type de peau et d\u00e9pend \u00e9galement de votre \u00e9tat initial et de votre parcours de soins. <\/p>\n\n\n\n<p class=\"wp-block-paragraph\">C&rsquo;est l\u00e0 une diff\u00e9rence importante par rapport aux traitements qui apportent directement du volume : avec PolyPhil, le r\u00e9sultat peut au contraire \u00eatre subtil.<\/p>\n<\/div><figure class=\"wp-block-media-text__media\"><img loading=\"lazy\" decoding=\"async\" width=\"683\" height=\"1024\" src=\"https:\/\/aeprilclinics.nl\/wp-content\/uploads\/2025\/01\/BN4A9197-683x1024.jpg\" alt=\"\" class=\"wp-image-1015 size-full\" style=\"object-position:50% 50%\" srcset=\"https:\/\/aeprilclinics.nl\/wp-content\/uploads\/2025\/01\/BN4A9197-683x1024.jpg 683w, https:\/\/aeprilclinics.nl\/wp-content\/uploads\/2025\/01\/BN4A9197-200x300.jpg 200w, https:\/\/aeprilclinics.nl\/wp-content\/uploads\/2025\/01\/BN4A9197-768x1152.jpg 768w, https:\/\/aeprilclinics.nl\/wp-content\/uploads\/2025\/01\/BN4A9197-1024x1536.jpg 1024w, https:\/\/aeprilclinics.nl\/wp-content\/uploads\/2025\/01\/BN4A9197-1365x2048.jpg 1365w, https:\/\/aeprilclinics.nl\/wp-content\/uploads\/2025\/01\/BN4A9197-180x270.jpg 180w, https:\/\/aeprilclinics.nl\/wp-content\/uploads\/2025\/01\/BN4A9197-scaled.jpg 1707w\" sizes=\"auto, (max-width: 683px) 100vw, 683px\" \/><\/figure><\/div>\n\n<div style=\"height:50px\" aria-hidden=\"true\" class=\"wp-block-spacer\"><\/div>\n\n<div class=\"wp-block-media-text is-stacked-on-mobile is-image-fill-element\"><figure class=\"wp-block-media-text__media\"><img loading=\"lazy\" decoding=\"async\" width=\"1024\" height=\"683\" src=\"https:\/\/aeprilclinics.nl\/wp-content\/uploads\/2026\/07\/Profhilo-Body-slappe-huid-armen-1024x683.png\" alt=\"\" class=\"wp-image-13287 size-full\" style=\"object-position:50% 50%\" srcset=\"https:\/\/aeprilclinics.nl\/wp-content\/uploads\/2026\/07\/Profhilo-Body-slappe-huid-armen-1024x683.png 1024w, https:\/\/aeprilclinics.nl\/wp-content\/uploads\/2026\/07\/Profhilo-Body-slappe-huid-armen-300x200.png 300w, https:\/\/aeprilclinics.nl\/wp-content\/uploads\/2026\/07\/Profhilo-Body-slappe-huid-armen-768x512.png 768w, https:\/\/aeprilclinics.nl\/wp-content\/uploads\/2026\/07\/Profhilo-Body-slappe-huid-armen-405x270.png 405w, https:\/\/aeprilclinics.nl\/wp-content\/uploads\/2026\/07\/Profhilo-Body-slappe-huid-armen.png 1536w\" sizes=\"auto, (max-width: 1024px) 100vw, 1024px\" \/><\/figure><div class=\"wp-block-media-text__content\">\n<h5 class=\"wp-block-heading\">Un r\u00e9sultat subtil et durable<\/h5>\n\n\n\n<h2 class=\"wp-block-heading\">Quelle est la dur\u00e9e de l&rsquo;effet ?<\/h2>\n\n\n\n<p class=\"wp-block-paragraph\">L&rsquo;effet de PolyPhil Face n&rsquo;est pas permanent. D&rsquo;apr\u00e8s les informations actuelles fournies par Aepril Clinics, on estime que cet effet dure en moyenne de <strong>6 \u00e0 12 mois<\/strong>. <\/p>\n\n\n\n<p class=\"wp-block-paragraph\">La fa\u00e7on dont votre peau r\u00e9agit et le moment o\u00f9 un traitement compl\u00e9mentaire s&rsquo;av\u00e8re utile peuvent varier d&rsquo;une personne \u00e0 l&rsquo;autre. C&rsquo;est pourquoi nous pr\u00e9f\u00e9rons examiner votre peau plut\u00f4t que de nous baser automatiquement sur une date fixe du calendrier. <\/p>\n<\/div><\/div>\n\n<div style=\"height:50px\" aria-hidden=\"true\" class=\"wp-block-spacer\"><\/div>\n\n<div class=\"wp-block-media-text has-media-on-the-right is-stacked-on-mobile is-image-fill-element\"><div class=\"wp-block-media-text__content\">\n<h5 class=\"wp-block-heading\">Tarifs<\/h5>\n\n\n\n<h2 class=\"wp-block-heading\">Combien co\u00fbte PolyPhil Face ?<\/h2>\n\n\n\n<p class=\"wp-block-paragraph\">Vous trouverez le prix actuel de PolyPhil Face sur notre <a href=\"https:\/\/aeprilclinics.nl\/fr\/tarifs\/\">page \u00ab Tarifs<\/a> \u00bb. Vous pourrez \u00e9galement y consulter les prix d&rsquo;autres soins destin\u00e9s \u00e0 am\u00e9liorer la qualit\u00e9 de la peau. <\/p>\n<\/div><figure class=\"wp-block-media-text__media\"><img loading=\"lazy\" decoding=\"async\" width=\"768\" height=\"1024\" src=\"https:\/\/aeprilclinics.nl\/wp-content\/uploads\/2025\/11\/IMG_8565-768x1024.jpg\" alt=\"\" class=\"wp-image-4364 size-full\" style=\"object-position:50% 50%\" srcset=\"https:\/\/aeprilclinics.nl\/wp-content\/uploads\/2025\/11\/IMG_8565-768x1024.jpg 768w, https:\/\/aeprilclinics.nl\/wp-content\/uploads\/2025\/11\/IMG_8565-225x300.jpg 225w, https:\/\/aeprilclinics.nl\/wp-content\/uploads\/2025\/11\/IMG_8565-1152x1536.jpg 1152w, https:\/\/aeprilclinics.nl\/wp-content\/uploads\/2025\/11\/IMG_8565-1536x2048.jpg 1536w, https:\/\/aeprilclinics.nl\/wp-content\/uploads\/2025\/11\/IMG_8565-203x270.jpg 203w, https:\/\/aeprilclinics.nl\/wp-content\/uploads\/2025\/11\/IMG_8565-scaled.jpg 1920w\" sizes=\"auto, (max-width: 768px) 100vw, 768px\" \/><\/figure><\/div>\n\n<div class=\"wp-block-cover alignfull is-light wave\" style=\"margin-top:0;margin-bottom:0;padding-bottom:var(--wp--preset--spacing--30)\"><span aria-hidden=\"true\" class=\"wp-block-cover__background has-accent-background-color has-background-dim-100 has-background-dim\"><\/span><div class=\"wp-block-cover__inner-container has-global-padding is-layout-constrained wp-block-cover-is-layout-constrained\">\n<h2 class=\"wp-block-heading has-text-align-center\">PolyPhil Face convient-il \u00e0 votre peau ?<\/h2>\n\n\n\n<p class=\"has-text-align-center wp-block-paragraph\">Vous souhaitez avant tout am\u00e9liorer la qualit\u00e9 de votre peau, mais vous ne savez pas si PolyPhil Face, Profhilo ou un autre traitement est le plus adapt\u00e9 \u00e0 vos besoins ? Lors d&rsquo;une consultation, nous examinerons votre peau et discuterons des aspects que vous souhaitez am\u00e9liorer. Nous pourrons ainsi vous conseiller de mani\u00e8re cibl\u00e9e sur le traitement le mieux adapt\u00e9 \u00e0 vos besoins.  <\/p>\n\n\n\n<div class=\"wp-block-buttons is-content-justification-center is-layout-flex wp-container-core-buttons-is-layout-0aa01211 wp-block-buttons-is-layout-flex\">\n<div class=\"wp-block-button\"><a class=\"wp-block-button__link has-base-color has-accent-3-background-color has-text-color has-background has-link-color wp-element-button\" href=\"https:\/\/aeprilclinics.nl\/fr\/reservez-une-consultation-gratuite\/\">prendre un rendez-vous<\/a><\/div>\n<\/div>\n<\/div><\/div>\n\n<style>.medical-review {\n        display: grid;\n        grid-template-columns: minmax(210px, 260px) minmax(0, 1fr);\n        gap: clamp(32px, 5vw, 72px);\n        align-items: start;\n        margin: 48px 0;\n        padding: clamp(32px, 5vw, 64px);\n        background: #f7f3ef;\n        border-radius: 32px;\n        color: #252321;\n    }\n\n    .medical-review__image {\n        width: 100%;\n        max-width: 260px;\n        margin: 0;\n    }\n\n    .medical-review__photo {\n        position: relative;\n        width: 100%;\n        aspect-ratio: 4 \/ 5;\n        overflow: hidden;\n        background: #eee9e4;\n        border-radius: 100px 100px 30px 30px;\n    }\n\n    .medical-review__photo img {\n        position: absolute !important;\n        inset: 0;\n        display: block !important;\n        width: 100% !important;\n        max-width: none !important;\n        height: 100% !important;\n        min-height: 100% !important;\n        margin: 0 !important;\n        padding: 0 !important;\n        object-fit: cover !important;\n        object-position: center 20% !important;\n        border: 0 !important;\n        border-radius: 0 !important;\n    }\n\n    .medical-review__identity {\n        display: block;\n        margin-top: 20px;\n    }\n\n    .medical-review__name {\n        display: block;\n        margin-bottom: 4px;\n        color: #252321;\n        font-size: 18px;\n        font-weight: 700;\n        line-height: 1.4;\n    }\n\n    .medical-review__role {\n        display: block;\n        color: #655f5a;\n        font-size: 15px;\n        line-height: 1.55;\n    }\n\n    .medical-review__quote {\n        position: relative;\n        margin: 26px 0 0;\n        padding: 0 0 0 18px;\n        color: #393633;\n        font-size: 17px;\n        font-style: italic;\n        line-height: 1.65;\n        border-left: 2px solid #d6bfa7;\n    }\n\n    .medical-review__quote cite {\n        display: block;\n        margin-top: 8px;\n        color: #77706a;\n        font-size: 13px;\n        font-style: normal;\n    }\n\n    .medical-review__content {\n        min-width: 0;\n    }\n\n    .medical-review__label {\n        display: inline-flex;\n        align-items: center;\n        margin-bottom: 18px;\n        padding: 8px 14px;\n        background: #d6bfa7;\n        color: #252321;\n        font-size: 14px;\n        font-weight: 700;\n        line-height: 1;\n        letter-spacing: 0.08em;\n        text-transform: uppercase;\n    }\n\n    .medical-review__content h2 {\n        margin: 0 0 24px;\n        color: #252321;\n        font-family: Georgia, \"Times New Roman\", serif;\n        font-size: clamp(34px, 4vw, 54px);\n        font-weight: 400;\n        line-height: 1.12;\n    }\n\n    .medical-review__content > p {\n        max-width: 1050px;\n        margin: 0 0 20px;\n        color: #2c2927;\n        font-size: 18px;\n        line-height: 1.75;\n    }\n\n    .medical-review a {\n        color: #94765f;\n        font-weight: 600;\n        text-decoration-thickness: 1px;\n        text-underline-offset: 3px;\n    }\n\n    .medical-review a:hover,\n    .medical-review a:focus-visible {\n        color: #6f5541;\n    }\n\n    .medical-review__specialisms {\n        margin-top: 28px;\n    }\n\n    .medical-review__specialisms-title {\n        display: block;\n        margin-bottom: 12px;\n        color: #252321;\n        font-size: 15px;\n        font-weight: 700;\n    }\n\n    .medical-review__specialisms-list {\n        display: flex;\n        flex-wrap: wrap;\n        gap: 10px;\n        margin: 0;\n        padding: 0;\n        list-style: none;\n    }\n\n    .medical-review__specialisms-list li {\n        margin: 0;\n        padding: 0;\n        list-style: none;\n    }\n\n    .medical-review__specialisms-list a {\n        display: inline-flex;\n        align-items: center;\n        justify-content: center;\n        padding: 9px 14px;\n        background: #eee4da;\n        border: 1px solid transparent;\n        border-radius: 999px;\n        color: #3b3734;\n        font-size: 14px;\n        font-weight: 600;\n        line-height: 1.2;\n        text-decoration: none;\n        transition:\n            background-color 0.2s ease,\n            border-color 0.2s ease,\n            color 0.2s ease,\n            transform 0.2s ease;\n    }\n\n    .medical-review__specialisms-list a:hover,\n    .medical-review__specialisms-list a:focus-visible {\n        background: #d6bfa7;\n        border-color: #c7aa8e;\n        color: #252321;\n        transform: translateY(-1px);\n    }\n\n    .medical-review__meta {\n        display: grid;\n        grid-template-columns: repeat(2, minmax(0, 1fr));\n        gap: 20px 40px;\n        margin-top: 34px;\n        padding-top: 30px;\n        border-top: 1px solid #ded7d0;\n    }\n\n    .medical-review__meta-item {\n        display: flex;\n        gap: 16px;\n        align-items: center;\n        min-width: 0;\n    }\n\n    .medical-review__meta-item p {\n        margin: 0;\n        color: #2c2927;\n        font-size: 16px;\n        line-height: 1.55;\n    }\n\n    .medical-review__icon {\n        display: inline-flex;\n        flex: 0 0 52px;\n        align-items: center;\n        justify-content: center;\n        width: 52px;\n        height: 52px;\n        background: #eee3d7;\n        border-radius: 50%;\n        color: #252321;\n    }\n\n    .medical-review__icon svg {\n        width: 24px;\n        height: 24px;\n        fill: none;\n        stroke: currentColor;\n        stroke-width: 1.8;\n        stroke-linecap: round;\n        stroke-linejoin: round;\n    }\n\n    .medical-review__links {\n        display: flex;\n        flex-wrap: wrap;\n        gap: 14px 28px;\n        align-items: center;\n        margin-top: 30px;\n    }\n\n    .medical-review__button {\n        display: inline-flex;\n        align-items: center;\n        justify-content: center;\n        min-height: 48px;\n        padding: 12px 20px;\n        background: #252321;\n        border: 1px solid #252321;\n        border-radius: 999px;\n        color: #ffffff !important;\n        font-size: 15px;\n        font-weight: 700;\n        line-height: 1.2;\n        text-align: center;\n        text-decoration: none !important;\n        transition:\n            background-color 0.2s ease,\n            color 0.2s ease;\n    }\n\n    .medical-review__button:hover,\n    .medical-review__button:focus-visible {\n        background: transparent;\n        color: #252321 !important;\n    }\n\n    .medical-review__text-link {\n        font-size: 15px;\n    }\n\n    @media (max-width: 900px) {\n        .medical-review {\n            grid-template-columns: 1fr;\n            gap: 36px;\n            border-radius: 24px;\n        }\n\n        .medical-review__image {\n            max-width: 240px;\n        }\n\n        .medical-review__content h2 {\n            font-size: clamp(32px, 7vw, 46px);\n        }\n    }\n\n    @media (max-width: 600px) {\n        .medical-review {\n            margin: 32px 0;\n            padding: 28px 22px;\n            border-radius: 22px;\n        }\n\n        .medical-review__image {\n            max-width: 220px;\n            margin-inline: auto;\n        }\n\n        .medical-review__content h2 {\n            margin-bottom: 20px;\n            font-size: 32px;\n            line-height: 1.16;\n        }\n\n        .medical-review__content > p {\n            font-size: 16px;\n            line-height: 1.7;\n        }\n\n        .medical-review__specialisms-list {\n            gap: 8px;\n        }\n\n        .medical-review__specialisms-list a {\n            padding: 8px 12px;\n            font-size: 13px;\n        }\n\n        .medical-review__meta {\n            grid-template-columns: 1fr;\n            gap: 20px;\n        }\n\n        .medical-review__links {\n            flex-direction: column;\n            align-items: stretch;\n        }\n\n        .medical-review__button {\n            width: 100%;\n        }\n\n        .medical-review__text-link {\n            display: inline-block;\n        }\n    }\n<\/style><aside class=\"medical-review\" aria-labelledby=\"medical-review-title\"><figure class=\"medical-review__image\"><div class=\"medical-review__photo\"><img decoding=\"async\" src=\"https:\/\/aeprilclinics.nl\/wp-content\/uploads\/2026\/07\/BN4A8634-scaled-1.jpg\" alt=\"Drs. Elnaz Alagha, BIG-geregistreerd cosmetisch arts en medisch directrice van Aepril Clinics\" loading=\"lazy\"\/><\/div><figcaption class=\"medical-review__identity\"><span class=\"medical-review__name\">drs. Elnaz Alagha\n            <\/span><span class=\"medical-review__role\">BIG-geregistreerd cosmetisch arts<br\/>Eigenaresse en medisch directrice\n            <\/span><\/figcaption><blockquote class=\"medical-review__quote\">\u201cSoms is geen behandeling de beste behandeling.\u201d\n            <cite>\u2014 drs. Elnaz Alagha<\/cite><\/blockquote><\/figure><div class=\"medical-review__content\"><span class=\"medical-review__label\">Medisch gecontroleerd\n        <\/span><h2 id=\"medical-review-title\">Medisch gecontroleerd door drs. Elnaz Alagha\n        <\/h2><p>De medische informatie op deze pagina is gecontroleerd door\n            <a href=\"https:\/\/aeprilclinics.nl\/fr\/docteur-elnaz-alagha\/\">drs. Elnaz Alagha\n            <\/a>,\n            BIG-geregistreerd cosmetisch arts, eigenaresse en medisch\n            directrice van Aepril Cosmetic Clinics.\n        <\/p><p>Drs. Elnaz Alagha beoordeelt de informatie op deze pagina op\n            medische juistheid, actualiteit en wetenschappelijke onderbouwing.\n            De inhoud wordt periodiek herzien aan de hand van relevante\n            medische inzichten en geldende kwaliteitskaders binnen de\n            cosmetische geneeskunde.\n        <\/p><div class=\"medical-review__specialisms\"><span class=\"medical-review__specialisms-title\">Specialisaties\n            <\/span><ul class=\"medical-review__specialisms-list\"><li><a href=\"https:\/\/aeprilclinics.nl\/fr\/botox\/\">Botulinetoxine\n                    <\/a><\/li><li><a href=\"https:\/\/aeprilclinics.nl\/fr\/produits-de-remplissage\/\">Fillers\n                    <\/a><\/li><li><a href=\"https:\/\/aeprilclinics.nl\/fr\/amelioration-de-la-peau\/\">Skinboosters\n                    <\/a><\/li><li><a href=\"https:\/\/aeprilclinics.nl\/fr\/amelioration-de-la-peau\/\">Biostimulatoren\n                    <\/a><\/li><li><a href=\"https:\/\/aeprilclinics.nl\/fr\/perte-de-poids-medicale-par-injections\/\">Medisch afvallen\n                    <\/a><\/li><\/ul><\/div><div class=\"medical-review__meta\"><div class=\"medical-review__meta-item\"><span class=\"medical-review__icon\" aria-hidden=\"true\"><svg viewbox=\"0 0 24 24\"><rect x=\"3\" y=\"5\" width=\"18\" height=\"16\" rx=\"2\"><\/rect><path d=\"M8 3v4\"><\/path><path d=\"M16 3v4\"><\/path><path d=\"M3 10h18\"><\/path><path d=\"M8 14h3v3H8z\"><\/path><\/svg><\/span><p><strong>Laatst medisch beoordeeld:<\/strong><br\/><time datetime=\"2026-07-26\">26 juli 2026\n                    <\/time><\/p><\/div><div class=\"medical-review__meta-item\"><span class=\"medical-review__icon\" aria-hidden=\"true\"><svg viewbox=\"0 0 24 24\"><path d=\"M12 3l7 3v5c0 4.8-2.9 8.7-7 10-4.1-1.3-7-5.2-7-10V6l7-3z\"><\/path><path d=\"M9 12l2 2 4-5\"><\/path><\/svg><\/span><p><strong>BIG-nummer:<\/strong><br\/>09932325201\n                <\/p><\/div><\/div><nav class=\"medical-review__links\" aria-label=\"Informatie over de medisch reviewer\"><a class=\"medical-review__button\" href=\"https:\/\/aeprilclinics.nl\/fr\/docteur-elnaz-alagha\/\">Bekijk het profiel van drs. Elnaz Alagha\n            <\/a><a class=\"medical-review__text-link\" href=\"https:\/\/zoeken.bigregister.nl\/zorgverlener\/f35d0627-bb20-405c-8b19-e61f66d43c35\" target=\"_blank\" rel=\"noopener noreferrer\">Controleer de BIG-registratie\n            <\/a><a class=\"medical-review__text-link\" href=\"https:\/\/aeprilclinics.nl\/fr\/informations-medicales\/\">Lees onze medische kwaliteitskaders\n            <\/a><\/nav><\/div><\/aside>\n","protected":false},"excerpt":{"rendered":"<p>Une peau plus s\u00e8che, plus terne ou moins ferme ne n\u00e9cessite pas toujours un apport de volume. Parfois, vous souhaitez avant tout am\u00e9liorer la qualit\u00e9 de votre peau. PolyPhil Face est sp\u00e9cialement con\u00e7u \u00e0 cet effet et utilise des polynucl\u00e9otides,&#8230;<\/p>\n","protected":false},"author":14,"featured_media":9275,"comment_status":"closed","ping_status":"open","sticky":false,"template":"","format":"standard","meta":{"_acf_changed":false,"footnotes":""},"categories":[221],"tags":[],"class_list":["post-19217","post","type-post","status-publish","format-standard","has-post-thumbnail","hentry","category-amelioration-de-la-peau"],"acf":[],"yoast_head":"<!-- This site is optimized with the Yoast SEO plugin v28.2 - https:\/\/yoast.com\/product\/yoast-seo-wordpress\/ -->\n<title>PolyPhil Face : de l&#039;ADN de saumon pour votre visage - Aepril<\/title>\n<meta name=\"description\" content=\"Quels sont les bienfaits de PolyPhil Face pour votre peau ? D\u00e9couvrez comment l&#039;ADN de saumon, riche en polynucl\u00e9otides, agit, \u00e0 quels types de peau ce produit est adapt\u00e9 et \u00e0 quels r\u00e9sultats vous pouvez vous attendre.\" \/>\n<meta name=\"robots\" content=\"index, follow, max-snippet:-1, max-image-preview:large, max-video-preview:-1\" \/>\n<link rel=\"canonical\" href=\"https:\/\/aeprilclinics.nl\/fr\/2026\/08\/31\/polyphil-face-de-ladn-de-saumon-pour-votre-visage\/\" \/>\n<meta property=\"og:locale\" content=\"fr_FR\" \/>\n<meta property=\"og:type\" content=\"article\" \/>\n<meta property=\"og:title\" content=\"PolyPhil Face : de l&#039;ADN de saumon pour votre visage - Aepril\" \/>\n<meta property=\"og:description\" content=\"Quels sont les bienfaits de PolyPhil Face pour votre peau ? D\u00e9couvrez comment l&#039;ADN de saumon, riche en polynucl\u00e9otides, agit, \u00e0 quels types de peau ce produit est adapt\u00e9 et \u00e0 quels r\u00e9sultats vous pouvez vous attendre.\" \/>\n<meta property=\"og:url\" content=\"https:\/\/aeprilclinics.nl\/fr\/2026\/08\/31\/polyphil-face-de-ladn-de-saumon-pour-votre-visage\/\" \/>\n<meta property=\"og:site_name\" content=\"Aepril\" \/>\n<meta property=\"article:published_time\" content=\"2026-08-31T08:55:00+00:00\" \/>\n<meta property=\"article:modified_time\" content=\"2026-08-31T08:55:50+00:00\" \/>\n<meta property=\"og:image\" content=\"https:\/\/aeprilclinics.nl\/wp-content\/uploads\/2026\/05\/Profhilo-stralende-huid-2.png\" \/>\n\t<meta property=\"og:image:width\" content=\"1448\" \/>\n\t<meta property=\"og:image:height\" content=\"1086\" \/>\n\t<meta property=\"og:image:type\" content=\"image\/png\" \/>\n<meta name=\"author\" content=\"aeprilclinics\" \/>\n<meta name=\"twitter:card\" content=\"summary_large_image\" \/>\n<meta name=\"twitter:label1\" content=\"\u00c9crit par\" \/>\n\t<meta name=\"twitter:data1\" content=\"aeprilclinics\" \/>\n\t<meta name=\"twitter:label2\" content=\"Dur\u00e9e de lecture estim\u00e9e\" \/>\n\t<meta name=\"twitter:data2\" content=\"5 minutes\" \/>\n<script type=\"application\/ld+json\" class=\"yoast-schema-graph\">{\"@context\":\"https:\\\/\\\/schema.org\",\"@graph\":[{\"@type\":\"Article\",\"@id\":\"https:\\\/\\\/aeprilclinics.nl\\\/fr\\\/2026\\\/08\\\/31\\\/polyphil-face-de-ladn-de-saumon-pour-votre-visage\\\/#article\",\"isPartOf\":{\"@id\":\"https:\\\/\\\/aeprilclinics.nl\\\/fr\\\/2026\\\/08\\\/31\\\/polyphil-face-de-ladn-de-saumon-pour-votre-visage\\\/\"},\"author\":{\"name\":\"aeprilclinics\",\"@id\":\"https:\\\/\\\/aeprilclinics.nl\\\/fr\\\/#\\\/schema\\\/person\\\/f54a59cea7d70709dda289bfad6820a2\"},\"headline\":\"PolyPhil Face : de l&rsquo;ADN de saumon pour votre visage\",\"datePublished\":\"2026-08-31T08:55:00+00:00\",\"dateModified\":\"2026-08-31T08:55:50+00:00\",\"mainEntityOfPage\":{\"@id\":\"https:\\\/\\\/aeprilclinics.nl\\\/fr\\\/2026\\\/08\\\/31\\\/polyphil-face-de-ladn-de-saumon-pour-votre-visage\\\/\"},\"wordCount\":1037,\"image\":{\"@id\":\"https:\\\/\\\/aeprilclinics.nl\\\/fr\\\/2026\\\/08\\\/31\\\/polyphil-face-de-ladn-de-saumon-pour-votre-visage\\\/#primaryimage\"},\"thumbnailUrl\":\"https:\\\/\\\/aeprilclinics.nl\\\/wp-content\\\/uploads\\\/2026\\\/05\\\/Profhilo-stralende-huid-2.png\",\"articleSection\":[\"Am\u00e9lioration de la peau\"],\"inLanguage\":\"fr-FR\"},{\"@type\":\"WebPage\",\"@id\":\"https:\\\/\\\/aeprilclinics.nl\\\/fr\\\/2026\\\/08\\\/31\\\/polyphil-face-de-ladn-de-saumon-pour-votre-visage\\\/\",\"url\":\"https:\\\/\\\/aeprilclinics.nl\\\/fr\\\/2026\\\/08\\\/31\\\/polyphil-face-de-ladn-de-saumon-pour-votre-visage\\\/\",\"name\":\"PolyPhil Face : de l'ADN de saumon pour votre visage - Aepril\",\"isPartOf\":{\"@id\":\"https:\\\/\\\/aeprilclinics.nl\\\/fr\\\/#website\"},\"primaryImageOfPage\":{\"@id\":\"https:\\\/\\\/aeprilclinics.nl\\\/fr\\\/2026\\\/08\\\/31\\\/polyphil-face-de-ladn-de-saumon-pour-votre-visage\\\/#primaryimage\"},\"image\":{\"@id\":\"https:\\\/\\\/aeprilclinics.nl\\\/fr\\\/2026\\\/08\\\/31\\\/polyphil-face-de-ladn-de-saumon-pour-votre-visage\\\/#primaryimage\"},\"thumbnailUrl\":\"https:\\\/\\\/aeprilclinics.nl\\\/wp-content\\\/uploads\\\/2026\\\/05\\\/Profhilo-stralende-huid-2.png\",\"datePublished\":\"2026-08-31T08:55:00+00:00\",\"dateModified\":\"2026-08-31T08:55:50+00:00\",\"author\":{\"@id\":\"https:\\\/\\\/aeprilclinics.nl\\\/fr\\\/#\\\/schema\\\/person\\\/f54a59cea7d70709dda289bfad6820a2\"},\"description\":\"Quels sont les bienfaits de PolyPhil Face pour votre peau ? D\u00e9couvrez comment l'ADN de saumon, riche en polynucl\u00e9otides, agit, \u00e0 quels types de peau ce produit est adapt\u00e9 et \u00e0 quels r\u00e9sultats vous pouvez vous attendre.\",\"breadcrumb\":{\"@id\":\"https:\\\/\\\/aeprilclinics.nl\\\/fr\\\/2026\\\/08\\\/31\\\/polyphil-face-de-ladn-de-saumon-pour-votre-visage\\\/#breadcrumb\"},\"inLanguage\":\"fr-FR\",\"potentialAction\":[{\"@type\":\"ReadAction\",\"target\":[\"https:\\\/\\\/aeprilclinics.nl\\\/fr\\\/2026\\\/08\\\/31\\\/polyphil-face-de-ladn-de-saumon-pour-votre-visage\\\/\"]}]},{\"@type\":\"ImageObject\",\"inLanguage\":\"fr-FR\",\"@id\":\"https:\\\/\\\/aeprilclinics.nl\\\/fr\\\/2026\\\/08\\\/31\\\/polyphil-face-de-ladn-de-saumon-pour-votre-visage\\\/#primaryimage\",\"url\":\"https:\\\/\\\/aeprilclinics.nl\\\/wp-content\\\/uploads\\\/2026\\\/05\\\/Profhilo-stralende-huid-2.png\",\"contentUrl\":\"https:\\\/\\\/aeprilclinics.nl\\\/wp-content\\\/uploads\\\/2026\\\/05\\\/Profhilo-stralende-huid-2.png\",\"width\":1448,\"height\":1086},{\"@type\":\"BreadcrumbList\",\"@id\":\"https:\\\/\\\/aeprilclinics.nl\\\/fr\\\/2026\\\/08\\\/31\\\/polyphil-face-de-ladn-de-saumon-pour-votre-visage\\\/#breadcrumb\",\"itemListElement\":[{\"@type\":\"ListItem\",\"position\":1,\"name\":\"Home\",\"item\":\"https:\\\/\\\/aeprilclinics.nl\\\/fr\\\/\"},{\"@type\":\"ListItem\",\"position\":2,\"name\":\"PolyPhil Face : de l&#8217;ADN de saumon pour votre visage\"}]},{\"@type\":\"WebSite\",\"@id\":\"https:\\\/\\\/aeprilclinics.nl\\\/fr\\\/#website\",\"url\":\"https:\\\/\\\/aeprilclinics.nl\\\/fr\\\/\",\"name\":\"Aepril\",\"description\":\"\",\"potentialAction\":[{\"@type\":\"SearchAction\",\"target\":{\"@type\":\"EntryPoint\",\"urlTemplate\":\"https:\\\/\\\/aeprilclinics.nl\\\/fr\\\/?s={search_term_string}\"},\"query-input\":{\"@type\":\"PropertyValueSpecification\",\"valueRequired\":true,\"valueName\":\"search_term_string\"}}],\"inLanguage\":\"fr-FR\"},{\"@type\":\"Person\",\"@id\":\"https:\\\/\\\/aeprilclinics.nl\\\/fr\\\/#\\\/schema\\\/person\\\/f54a59cea7d70709dda289bfad6820a2\",\"name\":\"aeprilclinics\",\"image\":{\"@type\":\"ImageObject\",\"inLanguage\":\"fr-FR\",\"@id\":\"https:\\\/\\\/secure.gravatar.com\\\/avatar\\\/659a22d1778d4ca93e9b66b745d250e5d0b6b87ede9ac55c337bbd0d73003c44?s=96&d=mm&r=g\",\"url\":\"https:\\\/\\\/secure.gravatar.com\\\/avatar\\\/659a22d1778d4ca93e9b66b745d250e5d0b6b87ede9ac55c337bbd0d73003c44?s=96&d=mm&r=g\",\"contentUrl\":\"https:\\\/\\\/secure.gravatar.com\\\/avatar\\\/659a22d1778d4ca93e9b66b745d250e5d0b6b87ede9ac55c337bbd0d73003c44?s=96&d=mm&r=g\",\"caption\":\"aeprilclinics\"},\"url\":\"https:\\\/\\\/aeprilclinics.nl\\\/fr\\\/author\\\/aeprilclinics\\\/\"}]}<\/script>\n<!-- \/ Yoast SEO plugin. -->","yoast_head_json":{"title":"PolyPhil Face : de l'ADN de saumon pour votre visage - Aepril","description":"Quels sont les bienfaits de PolyPhil Face pour votre peau ? D\u00e9couvrez comment l'ADN de saumon, riche en polynucl\u00e9otides, agit, \u00e0 quels types de peau ce produit est adapt\u00e9 et \u00e0 quels r\u00e9sultats vous pouvez vous attendre.","robots":{"index":"index","follow":"follow","max-snippet":"max-snippet:-1","max-image-preview":"max-image-preview:large","max-video-preview":"max-video-preview:-1"},"canonical":"https:\/\/aeprilclinics.nl\/fr\/2026\/08\/31\/polyphil-face-de-ladn-de-saumon-pour-votre-visage\/","og_locale":"fr_FR","og_type":"article","og_title":"PolyPhil Face : de l'ADN de saumon pour votre visage - Aepril","og_description":"Quels sont les bienfaits de PolyPhil Face pour votre peau ? D\u00e9couvrez comment l'ADN de saumon, riche en polynucl\u00e9otides, agit, \u00e0 quels types de peau ce produit est adapt\u00e9 et \u00e0 quels r\u00e9sultats vous pouvez vous attendre.","og_url":"https:\/\/aeprilclinics.nl\/fr\/2026\/08\/31\/polyphil-face-de-ladn-de-saumon-pour-votre-visage\/","og_site_name":"Aepril","article_published_time":"2026-08-31T08:55:00+00:00","article_modified_time":"2026-08-31T08:55:50+00:00","og_image":[{"width":1448,"height":1086,"url":"https:\/\/aeprilclinics.nl\/wp-content\/uploads\/2026\/05\/Profhilo-stralende-huid-2.png","type":"image\/png"}],"author":"aeprilclinics","twitter_card":"summary_large_image","twitter_misc":{"\u00c9crit par":"aeprilclinics","Dur\u00e9e de lecture estim\u00e9e":"5 minutes"},"schema":{"@context":"https:\/\/schema.org","@graph":[{"@type":"Article","@id":"https:\/\/aeprilclinics.nl\/fr\/2026\/08\/31\/polyphil-face-de-ladn-de-saumon-pour-votre-visage\/#article","isPartOf":{"@id":"https:\/\/aeprilclinics.nl\/fr\/2026\/08\/31\/polyphil-face-de-ladn-de-saumon-pour-votre-visage\/"},"author":{"name":"aeprilclinics","@id":"https:\/\/aeprilclinics.nl\/fr\/#\/schema\/person\/f54a59cea7d70709dda289bfad6820a2"},"headline":"PolyPhil Face : de l&rsquo;ADN de saumon pour votre visage","datePublished":"2026-08-31T08:55:00+00:00","dateModified":"2026-08-31T08:55:50+00:00","mainEntityOfPage":{"@id":"https:\/\/aeprilclinics.nl\/fr\/2026\/08\/31\/polyphil-face-de-ladn-de-saumon-pour-votre-visage\/"},"wordCount":1037,"image":{"@id":"https:\/\/aeprilclinics.nl\/fr\/2026\/08\/31\/polyphil-face-de-ladn-de-saumon-pour-votre-visage\/#primaryimage"},"thumbnailUrl":"https:\/\/aeprilclinics.nl\/wp-content\/uploads\/2026\/05\/Profhilo-stralende-huid-2.png","articleSection":["Am\u00e9lioration de la peau"],"inLanguage":"fr-FR"},{"@type":"WebPage","@id":"https:\/\/aeprilclinics.nl\/fr\/2026\/08\/31\/polyphil-face-de-ladn-de-saumon-pour-votre-visage\/","url":"https:\/\/aeprilclinics.nl\/fr\/2026\/08\/31\/polyphil-face-de-ladn-de-saumon-pour-votre-visage\/","name":"PolyPhil Face : de l'ADN de saumon pour votre visage - Aepril","isPartOf":{"@id":"https:\/\/aeprilclinics.nl\/fr\/#website"},"primaryImageOfPage":{"@id":"https:\/\/aeprilclinics.nl\/fr\/2026\/08\/31\/polyphil-face-de-ladn-de-saumon-pour-votre-visage\/#primaryimage"},"image":{"@id":"https:\/\/aeprilclinics.nl\/fr\/2026\/08\/31\/polyphil-face-de-ladn-de-saumon-pour-votre-visage\/#primaryimage"},"thumbnailUrl":"https:\/\/aeprilclinics.nl\/wp-content\/uploads\/2026\/05\/Profhilo-stralende-huid-2.png","datePublished":"2026-08-31T08:55:00+00:00","dateModified":"2026-08-31T08:55:50+00:00","author":{"@id":"https:\/\/aeprilclinics.nl\/fr\/#\/schema\/person\/f54a59cea7d70709dda289bfad6820a2"},"description":"Quels sont les bienfaits de PolyPhil Face pour votre peau ? D\u00e9couvrez comment l'ADN de saumon, riche en polynucl\u00e9otides, agit, \u00e0 quels types de peau ce produit est adapt\u00e9 et \u00e0 quels r\u00e9sultats vous pouvez vous attendre.","breadcrumb":{"@id":"https:\/\/aeprilclinics.nl\/fr\/2026\/08\/31\/polyphil-face-de-ladn-de-saumon-pour-votre-visage\/#breadcrumb"},"inLanguage":"fr-FR","potentialAction":[{"@type":"ReadAction","target":["https:\/\/aeprilclinics.nl\/fr\/2026\/08\/31\/polyphil-face-de-ladn-de-saumon-pour-votre-visage\/"]}]},{"@type":"ImageObject","inLanguage":"fr-FR","@id":"https:\/\/aeprilclinics.nl\/fr\/2026\/08\/31\/polyphil-face-de-ladn-de-saumon-pour-votre-visage\/#primaryimage","url":"https:\/\/aeprilclinics.nl\/wp-content\/uploads\/2026\/05\/Profhilo-stralende-huid-2.png","contentUrl":"https:\/\/aeprilclinics.nl\/wp-content\/uploads\/2026\/05\/Profhilo-stralende-huid-2.png","width":1448,"height":1086},{"@type":"BreadcrumbList","@id":"https:\/\/aeprilclinics.nl\/fr\/2026\/08\/31\/polyphil-face-de-ladn-de-saumon-pour-votre-visage\/#breadcrumb","itemListElement":[{"@type":"ListItem","position":1,"name":"Home","item":"https:\/\/aeprilclinics.nl\/fr\/"},{"@type":"ListItem","position":2,"name":"PolyPhil Face : de l&#8217;ADN de saumon pour votre visage"}]},{"@type":"WebSite","@id":"https:\/\/aeprilclinics.nl\/fr\/#website","url":"https:\/\/aeprilclinics.nl\/fr\/","name":"Aepril","description":"","potentialAction":[{"@type":"SearchAction","target":{"@type":"EntryPoint","urlTemplate":"https:\/\/aeprilclinics.nl\/fr\/?s={search_term_string}"},"query-input":{"@type":"PropertyValueSpecification","valueRequired":true,"valueName":"search_term_string"}}],"inLanguage":"fr-FR"},{"@type":"Person","@id":"https:\/\/aeprilclinics.nl\/fr\/#\/schema\/person\/f54a59cea7d70709dda289bfad6820a2","name":"aeprilclinics","image":{"@type":"ImageObject","inLanguage":"fr-FR","@id":"https:\/\/secure.gravatar.com\/avatar\/659a22d1778d4ca93e9b66b745d250e5d0b6b87ede9ac55c337bbd0d73003c44?s=96&d=mm&r=g","url":"https:\/\/secure.gravatar.com\/avatar\/659a22d1778d4ca93e9b66b745d250e5d0b6b87ede9ac55c337bbd0d73003c44?s=96&d=mm&r=g","contentUrl":"https:\/\/secure.gravatar.com\/avatar\/659a22d1778d4ca93e9b66b745d250e5d0b6b87ede9ac55c337bbd0d73003c44?s=96&d=mm&r=g","caption":"aeprilclinics"},"url":"https:\/\/aeprilclinics.nl\/fr\/author\/aeprilclinics\/"}]}},"_links":{"self":[{"href":"https:\/\/aeprilclinics.nl\/fr\/wp-json\/wp\/v2\/posts\/19217","targetHints":{"allow":["GET"]}}],"collection":[{"href":"https:\/\/aeprilclinics.nl\/fr\/wp-json\/wp\/v2\/posts"}],"about":[{"href":"https:\/\/aeprilclinics.nl\/fr\/wp-json\/wp\/v2\/types\/post"}],"author":[{"embeddable":true,"href":"https:\/\/aeprilclinics.nl\/fr\/wp-json\/wp\/v2\/users\/14"}],"replies":[{"embeddable":true,"href":"https:\/\/aeprilclinics.nl\/fr\/wp-json\/wp\/v2\/comments?post=19217"}],"version-history":[{"count":1,"href":"https:\/\/aeprilclinics.nl\/fr\/wp-json\/wp\/v2\/posts\/19217\/revisions"}],"predecessor-version":[{"id":19218,"href":"https:\/\/aeprilclinics.nl\/fr\/wp-json\/wp\/v2\/posts\/19217\/revisions\/19218"}],"wp:featuredmedia":[{"embeddable":true,"href":"https:\/\/aeprilclinics.nl\/fr\/wp-json\/wp\/v2\/media\/9275"}],"wp:attachment":[{"href":"https:\/\/aeprilclinics.nl\/fr\/wp-json\/wp\/v2\/media?parent=19217"}],"wp:term":[{"taxonomy":"category","embeddable":true,"href":"https:\/\/aeprilclinics.nl\/fr\/wp-json\/wp\/v2\/categories?post=19217"},{"taxonomy":"post_tag","embeddable":true,"href":"https:\/\/aeprilclinics.nl\/fr\/wp-json\/wp\/v2\/tags?post=19217"}],"curies":[{"name":"wp","href":"https:\/\/api.w.org\/{rel}","templated":true}]}}