{"id":19221,"date":"2026-08-31T08:55:00","date_gmt":"2026-08-31T08:55:00","guid":{"rendered":"https:\/\/aeprilclinics.nl\/polyphil-face-adn-de-salmon-para-tu-cara\/"},"modified":"2026-08-31T08:56:14","modified_gmt":"2026-08-31T08:56:14","slug":"polyphil-face-adn-de-salmon-para-tu-cara","status":"publish","type":"post","link":"https:\/\/aeprilclinics.nl\/es\/2026\/08\/31\/polyphil-face-adn-de-salmon-para-tu-cara\/","title":{"rendered":"PolyPhil Face: ADN de salm\u00f3n para tu cara"},"content":{"rendered":"\n<p class=\"wp-block-paragraph\"><strong>Una piel m\u00e1s seca, apagada o menos firme no siempre necesita volumen. A veces lo que m\u00e1s te interesa es mejorar la calidad de tu piel. PolyPhil Face se centra precisamente en eso y funciona con polinucle\u00f3tidos, tambi\u00e9n conocidos como ADN de salm\u00f3n. En este blog descubrir\u00e1s qu\u00e9 hace PolyPhil Face por la piel del rostro, c\u00f3mo es el tratamiento y qu\u00e9 puedes esperar de \u00e9l.   <\/strong><\/p>\n\n<div style=\"height:25px\" aria-hidden=\"true\" class=\"wp-block-spacer\"><\/div>\n\n<div class=\"wp-block-media-text is-stacked-on-mobile is-image-fill-element\"><figure class=\"wp-block-media-text__media\"><img loading=\"lazy\" decoding=\"async\" width=\"683\" height=\"1024\" src=\"https:\/\/aeprilclinics.nl\/wp-content\/uploads\/2026\/03\/Polynucleotiden-Aepril-Clinics-683x1024.png\" alt=\"\" class=\"wp-image-5517 size-full\" style=\"object-position:50% 50%\" srcset=\"https:\/\/aeprilclinics.nl\/wp-content\/uploads\/2026\/03\/Polynucleotiden-Aepril-Clinics-683x1024.png 683w, https:\/\/aeprilclinics.nl\/wp-content\/uploads\/2026\/03\/Polynucleotiden-Aepril-Clinics-200x300.png 200w, https:\/\/aeprilclinics.nl\/wp-content\/uploads\/2026\/03\/Polynucleotiden-Aepril-Clinics-768x1152.png 768w, https:\/\/aeprilclinics.nl\/wp-content\/uploads\/2026\/03\/Polynucleotiden-Aepril-Clinics-180x270.png 180w, https:\/\/aeprilclinics.nl\/wp-content\/uploads\/2026\/03\/Polynucleotiden-Aepril-Clinics.png 1024w\" sizes=\"auto, (max-width: 683px) 100vw, 683px\" \/><\/figure><div class=\"wp-block-media-text__content\">\n<h5 class=\"wp-block-heading\">Antes que nada, esto<\/h5>\n\n\n\n<h2 class=\"wp-block-heading\">\u00bfQu\u00e9 es realmente el ADN de salm\u00f3n?<\/h2>\n\n\n\n<p class=\"wp-block-paragraph\">Puede que el nombre <em>\u00abSalmon DNA\u00bb<\/em> te suene un poco raro. En el caso de <a href=\"https:\/\/aeprilclinics.nl\/es\/mejora-de-la-piel\/polifil-adn-salmon-tratamiento-facial\/\" data-type=\"behandeling\" data-id=\"4868\">PolyPhil<\/a>, se trata de <strong>polinucle\u00f3tidos<\/strong>: peque\u00f1os fragmentos de ADN que se usan para favorecer los procesos naturales de la piel. <\/p>\n\n\n\n<p class=\"wp-block-paragraph\">Por eso, este tratamiento es muy diferente a un relleno. No se busca, por ejemplo, dar m\u00e1s volumen a los p\u00f3mulos ni cambiar el contorno de la cara. Lo importante es <strong>mejorar la piel desde dentro<\/strong>.  <\/p>\n\n\n\n<p class=\"wp-block-paragraph\">\u00bfQuieres saber primero m\u00e1s sobre el principio activo? En nuestro blog <strong><a href=\"https:\/\/aeprilclinics.nl\/es\/2026\/03\/02\/que-son-los-polinucleotidos-y-funcionan-realmente\/\" data-type=\"post\" data-id=\"5516\">\u00bfQu\u00e9 son los polinucle\u00f3tidos y de verdad funcionan?<\/a><\/strong> hablamos m\u00e1s a fondo sobre los polinucle\u00f3tidos. <\/p>\n<\/div><\/div>\n\n<div style=\"height:50px\" aria-hidden=\"true\" class=\"wp-block-spacer\"><\/div>\n\n<div class=\"wp-block-media-text has-media-on-the-right is-stacked-on-mobile is-image-fill-element\"><div class=\"wp-block-media-text__content\">\n<h5 class=\"wp-block-heading\">Calidad de la piel<\/h5>\n\n\n\n<h2 class=\"wp-block-heading\">\u00bfQu\u00e9 hace PolyPhil Face por tu piel?<\/h2>\n\n\n\n<p class=\"wp-block-paragraph\">PolyPhil Face se usa cuando la piel necesita un poco de ayuda extra. Por ejemplo, cuando la piel se nota menos firme, se ha vuelto un poco m\u00e1s seca o empieza a perder su aspecto fresco. <\/p>\n\n\n\n<p class=\"wp-block-paragraph\">El tratamiento se centra, entre otras cosas, en:<\/p>\n\n\n\n<ul class=\"wp-block-list\">\n<li>Favorecer la producci\u00f3n de col\u00e1geno;<\/li>\n\n\n\n<li>Hidrataci\u00f3n de la piel;<\/li>\n\n\n\n<li>Mejora de la textura de la piel;<\/li>\n\n\n\n<li>M\u00e1s firmeza y elasticidad;<\/li>\n\n\n\n<li>Suavizar las arruguitas;<\/li>\n\n\n\n<li>Un aspecto m\u00e1s fresco de la piel.<\/li>\n<\/ul>\n\n\n\n<p class=\"wp-block-paragraph\">As\u00ed que el objetivo no es que tu cara tenga un aspecto diferente despu\u00e9s del tratamiento.  <strong>Trabajas directamente sobre la piel.<\/strong>  Eso hace que PolyPhil sea una opci\u00f3n interesante si buscas mejorar el aspecto de tu piel sin a\u00f1adir volumen.<\/p>\n<\/div><figure class=\"wp-block-media-text__media\"><img loading=\"lazy\" decoding=\"async\" width=\"1024\" height=\"768\" src=\"https:\/\/aeprilclinics.nl\/wp-content\/uploads\/2026\/05\/Profhilo-stralende-huid-1024x768.png\" alt=\"\" class=\"wp-image-6062 size-full\" style=\"object-position:50% 50%\" srcset=\"https:\/\/aeprilclinics.nl\/wp-content\/uploads\/2026\/05\/Profhilo-stralende-huid-1024x768.png 1024w, https:\/\/aeprilclinics.nl\/wp-content\/uploads\/2026\/05\/Profhilo-stralende-huid-300x225.png 300w, https:\/\/aeprilclinics.nl\/wp-content\/uploads\/2026\/05\/Profhilo-stralende-huid-768x576.png 768w, https:\/\/aeprilclinics.nl\/wp-content\/uploads\/2026\/05\/Profhilo-stralende-huid-360x270.png 360w, https:\/\/aeprilclinics.nl\/wp-content\/uploads\/2026\/05\/Profhilo-stralende-huid.png 1448w\" sizes=\"auto, (max-width: 1024px) 100vw, 1024px\" \/><\/figure><\/div>\n\n<div style=\"height:50px\" aria-hidden=\"true\" class=\"wp-block-spacer\"><\/div>\n\n<div class=\"wp-block-media-text is-stacked-on-mobile is-image-fill-element\"><figure class=\"wp-block-media-text__media\"><img loading=\"lazy\" decoding=\"async\" width=\"1024\" height=\"683\" src=\"https:\/\/aeprilclinics.nl\/wp-content\/uploads\/2026\/07\/Profhilo-Body-slappe-huid-armen-2-1024x683.png\" alt=\"\" class=\"wp-image-13294 size-full\" style=\"object-position:50% 50%\" srcset=\"https:\/\/aeprilclinics.nl\/wp-content\/uploads\/2026\/07\/Profhilo-Body-slappe-huid-armen-2-1024x683.png 1024w, https:\/\/aeprilclinics.nl\/wp-content\/uploads\/2026\/07\/Profhilo-Body-slappe-huid-armen-2-300x200.png 300w, https:\/\/aeprilclinics.nl\/wp-content\/uploads\/2026\/07\/Profhilo-Body-slappe-huid-armen-2-768x512.png 768w, https:\/\/aeprilclinics.nl\/wp-content\/uploads\/2026\/07\/Profhilo-Body-slappe-huid-armen-2-405x270.png 405w, https:\/\/aeprilclinics.nl\/wp-content\/uploads\/2026\/07\/Profhilo-Body-slappe-huid-armen-2.png 1536w\" sizes=\"auto, (max-width: 1024px) 100vw, 1024px\" \/><\/figure><div class=\"wp-block-media-text__content\">\n<h5 class=\"wp-block-heading\">Cara<\/h5>\n\n\n\n<h2 class=\"wp-block-heading\">\u00bfQu\u00e9 zonas puedes tratar con PolyPhil Face?<\/h2>\n\n\n\n<p class=\"wp-block-paragraph\">PolyPhil Face est\u00e1 pensado para mejorar el aspecto de la piel del rostro. Las zonas a las que se presta atenci\u00f3n dependen de tu piel y de los aspectos que t\u00fa mismo quieras mejorar. <\/p>\n\n\n\n<p class=\"wp-block-paragraph\">La piel de alrededor de los ojos, por ejemplo, requiere un tratamiento diferente. Para ello, Aepril Clinics ofrece <strong><a href=\"https:\/\/aeprilclinics.nl\/es\/mejora-de-la-piel\/adn-polifilo-de-salmon-tratamiento-ocular\/\" data-type=\"behandeling\" data-id=\"1484\">PolyPhil Salmon DNA Eyes<\/a><\/strong> . Para el pelo y el cuero cabelludo, est\u00e1 <strong><a href=\"https:\/\/aeprilclinics.nl\/es\/mejora-de-la-piel\/adn-polifilo-de-salmon-tratamiento-capilar\/\" data-type=\"behandeling\" data-id=\"4873\">PolyPhil Salmon DNA Hair<\/a><\/strong>.  <\/p>\n\n\n\n<p class=\"wp-block-paragraph\">As\u00ed, el tratamiento se puede adaptar a cada zona, en lugar de aplicar el mismo m\u00e9todo en todas partes.<\/p>\n<\/div><\/div>\n\n<div style=\"height:50px\" aria-hidden=\"true\" class=\"wp-block-spacer\"><\/div>\n\n<div class=\"wp-block-media-text has-media-on-the-right is-stacked-on-mobile is-image-fill-element\"><div class=\"wp-block-media-text__content\">\n<h5 class=\"wp-block-heading\">Tratamiento<\/h5>\n\n\n\n<h2 class=\"wp-block-heading\">\u00bfC\u00f3mo es un tratamiento con PolyPhil Face?<\/h2>\n\n\n\n<p class=\"wp-block-paragraph\">Antes del tratamiento, examinamos tu piel y hablamos de qu\u00e9 aspectos te gustar\u00eda mejorar. En funci\u00f3n de eso, decidimos si PolyPhil Face se adapta a lo que buscas. Durante el tratamiento, los polinucle\u00f3tidos se aplican en la piel mediante peque\u00f1as inyecciones. A continuaci\u00f3n, se deja que el producto act\u00fae en la piel durante un tiempo.   <\/p>\n\n\n\n<p class=\"wp-block-paragraph\">Por eso, el resultado <strong>no<\/strong> se nota <strong>de un momento a otro<\/strong>. Y eso encaja con el objetivo del tratamiento: no se busca un cambio inmediato en el volumen, sino una mejora gradual de la calidad de la piel. <\/p>\n\n\n\n<blockquote class=\"wp-block-quote is-layout-flow wp-block-quote-is-layout-flow\">\n<p class=\"wp-block-paragraph\"><strong>Es bueno saberlo:<\/strong> \u00bfves peque\u00f1os pinchazos o bultitos justo despu\u00e9s del tratamiento? Eso puede pasar con un tratamiento cut\u00e1neo inyectable y no tiene nada que ver con el resultado final. <\/p>\n<\/blockquote>\n<\/div><figure class=\"wp-block-media-text__media\"><img loading=\"lazy\" decoding=\"async\" width=\"683\" height=\"1024\" src=\"https:\/\/aeprilclinics.nl\/wp-content\/uploads\/2025\/01\/BN4A0034-1-1-683x1024.jpg\" alt=\"\" class=\"wp-image-1009 size-full\" style=\"object-position:50% 50%\" srcset=\"https:\/\/aeprilclinics.nl\/wp-content\/uploads\/2025\/01\/BN4A0034-1-1-683x1024.jpg 683w, https:\/\/aeprilclinics.nl\/wp-content\/uploads\/2025\/01\/BN4A0034-1-1-200x300.jpg 200w, https:\/\/aeprilclinics.nl\/wp-content\/uploads\/2025\/01\/BN4A0034-1-1-768x1152.jpg 768w, https:\/\/aeprilclinics.nl\/wp-content\/uploads\/2025\/01\/BN4A0034-1-1-1024x1536.jpg 1024w, https:\/\/aeprilclinics.nl\/wp-content\/uploads\/2025\/01\/BN4A0034-1-1-1365x2048.jpg 1365w, https:\/\/aeprilclinics.nl\/wp-content\/uploads\/2025\/01\/BN4A0034-1-1-180x270.jpg 180w, https:\/\/aeprilclinics.nl\/wp-content\/uploads\/2025\/01\/BN4A0034-1-1-scaled.jpg 1707w\" sizes=\"auto, (max-width: 683px) 100vw, 683px\" \/><\/figure><\/div>\n\n<div style=\"height:50px\" aria-hidden=\"true\" class=\"wp-block-spacer\"><\/div>\n\n<div class=\"wp-block-media-text is-stacked-on-mobile is-image-fill-element\"><figure class=\"wp-block-media-text__media\"><img loading=\"lazy\" decoding=\"async\" width=\"683\" height=\"1024\" src=\"https:\/\/aeprilclinics.nl\/wp-content\/uploads\/2025\/01\/BN4A8655-683x1024.jpg\" alt=\"\" class=\"wp-image-1007 size-full\" style=\"object-position:50% 50%\" srcset=\"https:\/\/aeprilclinics.nl\/wp-content\/uploads\/2025\/01\/BN4A8655-683x1024.jpg 683w, https:\/\/aeprilclinics.nl\/wp-content\/uploads\/2025\/01\/BN4A8655-200x300.jpg 200w, https:\/\/aeprilclinics.nl\/wp-content\/uploads\/2025\/01\/BN4A8655-768x1152.jpg 768w, https:\/\/aeprilclinics.nl\/wp-content\/uploads\/2025\/01\/BN4A8655-1024x1536.jpg 1024w, https:\/\/aeprilclinics.nl\/wp-content\/uploads\/2025\/01\/BN4A8655-1365x2048.jpg 1365w, https:\/\/aeprilclinics.nl\/wp-content\/uploads\/2025\/01\/BN4A8655-180x270.jpg 180w, https:\/\/aeprilclinics.nl\/wp-content\/uploads\/2025\/01\/BN4A8655-scaled.jpg 1707w\" sizes=\"auto, (max-width: 683px) 100vw, 683px\" \/><\/figure><div class=\"wp-block-media-text__content\">\n<h5 class=\"wp-block-heading\">Comparar<\/h5>\n\n\n\n<h2 class=\"wp-block-heading\">PolyPhil Face o Profhilo: \u00bfen qu\u00e9 se diferencian?<\/h2>\n\n\n\n<p class=\"wp-block-paragraph\">Ambos tratamientos est\u00e1n pensados para mejorar la piel, as\u00ed que es l\u00f3gico que se compare a menudo PolyPhil con <a href=\"https:\/\/aeprilclinics.nl\/es\/mejora-de-la-piel\/tratamiento-profhilo\/\">Profhilo<\/a>. Sin embargo, no funcionan igual: <\/p>\n\n\n\n<figure class=\"wp-block-table\"><table class=\"has-fixed-layout\"><thead><tr><th><\/th><th>PolyPhil Face<\/th><th>Profhilo<\/th><\/tr><\/thead><tbody><tr><td>Fundamentos<\/td><td>Polinucle\u00f3tidos<\/td><td>\u00c1cido hialur\u00f3nico<\/td><\/tr><tr><td>Enfoque<\/td><td>Favorecer la calidad y la renovaci\u00f3n de la piel<\/td><td>Hidrataci\u00f3n y calidad de la piel<\/td><\/tr><tr><td>Aumentar el volumen<\/td><td>No<\/td><td>No<\/td><\/tr><tr><td>Se usa para<\/td><td>Piel del rostro<\/td><td>El rostro y otras zonas de tratamiento<\/td><\/tr><\/tbody><\/table><\/figure>\n\n\n\n<p class=\"wp-block-paragraph\">Cu\u00e1l de los dos te va mejor depende sobre todo de <strong>lo que necesite tu piel<\/strong>. Adem\u00e1s, no siempre tienes que elegir entre uno u otro. En algunos planes de tratamiento, los distintos tratamientos para mejorar la piel pueden complementarse entre s\u00ed.  <\/p>\n<\/div><\/div>\n\n<div style=\"height:50px\" aria-hidden=\"true\" class=\"wp-block-spacer\"><\/div>\n\n<div class=\"wp-block-media-text has-media-on-the-right is-stacked-on-mobile is-image-fill-element\"><div class=\"wp-block-media-text__content\">\n<h5 class=\"wp-block-heading\">Resultado<\/h5>\n\n\n\n<h2 class=\"wp-block-heading\">\u00bfCu\u00e1ndo se notan los resultados de PolyPhil Face?<\/h2>\n\n\n\n<p class=\"wp-block-paragraph\">Como PolyPhil Face act\u00faa sobre los procesos de la piel, el resultado se va notando poco a poco. As\u00ed que no esperes un cambio inmediato como con un relleno. <\/p>\n\n\n\n<p class=\"wp-block-paragraph\">La mejora se nota precisamente en aspectos como <strong>la estructura, la hidrataci\u00f3n, la firmeza y el aspecto<\/strong>. Lo evidente que sea depende de cada piel y tambi\u00e9n de tu situaci\u00f3n inicial y del proceso de tratamiento. <\/p>\n\n\n\n<p class=\"wp-block-paragraph\">Esa es una diferencia importante con respecto a los tratamientos en los que se a\u00f1ade volumen directamente: con PolyPhil, el resultado puede ser, precisamente, sutil.<\/p>\n<\/div><figure class=\"wp-block-media-text__media\"><img loading=\"lazy\" decoding=\"async\" width=\"683\" height=\"1024\" src=\"https:\/\/aeprilclinics.nl\/wp-content\/uploads\/2025\/01\/BN4A9197-683x1024.jpg\" alt=\"\" class=\"wp-image-1015 size-full\" style=\"object-position:50% 50%\" srcset=\"https:\/\/aeprilclinics.nl\/wp-content\/uploads\/2025\/01\/BN4A9197-683x1024.jpg 683w, https:\/\/aeprilclinics.nl\/wp-content\/uploads\/2025\/01\/BN4A9197-200x300.jpg 200w, https:\/\/aeprilclinics.nl\/wp-content\/uploads\/2025\/01\/BN4A9197-768x1152.jpg 768w, https:\/\/aeprilclinics.nl\/wp-content\/uploads\/2025\/01\/BN4A9197-1024x1536.jpg 1024w, https:\/\/aeprilclinics.nl\/wp-content\/uploads\/2025\/01\/BN4A9197-1365x2048.jpg 1365w, https:\/\/aeprilclinics.nl\/wp-content\/uploads\/2025\/01\/BN4A9197-180x270.jpg 180w, https:\/\/aeprilclinics.nl\/wp-content\/uploads\/2025\/01\/BN4A9197-scaled.jpg 1707w\" sizes=\"auto, (max-width: 683px) 100vw, 683px\" \/><\/figure><\/div>\n\n<div style=\"height:50px\" aria-hidden=\"true\" class=\"wp-block-spacer\"><\/div>\n\n<div class=\"wp-block-media-text is-stacked-on-mobile is-image-fill-element\"><figure class=\"wp-block-media-text__media\"><img loading=\"lazy\" decoding=\"async\" width=\"1024\" height=\"683\" src=\"https:\/\/aeprilclinics.nl\/wp-content\/uploads\/2026\/07\/Profhilo-Body-slappe-huid-armen-1024x683.png\" alt=\"\" class=\"wp-image-13287 size-full\" style=\"object-position:50% 50%\" srcset=\"https:\/\/aeprilclinics.nl\/wp-content\/uploads\/2026\/07\/Profhilo-Body-slappe-huid-armen-1024x683.png 1024w, https:\/\/aeprilclinics.nl\/wp-content\/uploads\/2026\/07\/Profhilo-Body-slappe-huid-armen-300x200.png 300w, https:\/\/aeprilclinics.nl\/wp-content\/uploads\/2026\/07\/Profhilo-Body-slappe-huid-armen-768x512.png 768w, https:\/\/aeprilclinics.nl\/wp-content\/uploads\/2026\/07\/Profhilo-Body-slappe-huid-armen-405x270.png 405w, https:\/\/aeprilclinics.nl\/wp-content\/uploads\/2026\/07\/Profhilo-Body-slappe-huid-armen.png 1536w\" sizes=\"auto, (max-width: 1024px) 100vw, 1024px\" \/><\/figure><div class=\"wp-block-media-text__content\">\n<h5 class=\"wp-block-heading\">Resultados sutiles y duraderos<\/h5>\n\n\n\n<h2 class=\"wp-block-heading\">\u00bfCu\u00e1nto dura el efecto?<\/h2>\n\n\n\n<p class=\"wp-block-paragraph\">El efecto de PolyPhil Face no es permanente. Seg\u00fan la informaci\u00f3n actual de Aepril Clinics, se calcula que el efecto dura una media de <strong>entre 6 y 12 meses<\/strong>. <\/p>\n\n\n\n<p class=\"wp-block-paragraph\">La reacci\u00f3n de tu piel y el momento en que conviene hacer un tratamiento de mantenimiento pueden variar de una persona a otra. Por eso preferimos fijarnos en tu piel en lugar de ce\u00f1irnos autom\u00e1ticamente a una fecha fija del calendario. <\/p>\n<\/div><\/div>\n\n<div style=\"height:50px\" aria-hidden=\"true\" class=\"wp-block-spacer\"><\/div>\n\n<div class=\"wp-block-media-text has-media-on-the-right is-stacked-on-mobile is-image-fill-element\"><div class=\"wp-block-media-text__content\">\n<h5 class=\"wp-block-heading\">Tarifas<\/h5>\n\n\n\n<h2 class=\"wp-block-heading\">\u00bfCu\u00e1nto cuesta PolyPhil Face?<\/h2>\n\n\n\n<p class=\"wp-block-paragraph\">Puedes consultar el precio actual de PolyPhil Face en nuestra <a href=\"https:\/\/aeprilclinics.nl\/es\/tarifas\/\">p\u00e1gina de tarifas<\/a>. All\u00ed tambi\u00e9n puedes ver los precios de otros tratamientos para mejorar la piel. <\/p>\n<\/div><figure class=\"wp-block-media-text__media\"><img loading=\"lazy\" decoding=\"async\" width=\"768\" height=\"1024\" src=\"https:\/\/aeprilclinics.nl\/wp-content\/uploads\/2025\/11\/IMG_8565-768x1024.jpg\" alt=\"\" class=\"wp-image-4364 size-full\" style=\"object-position:50% 50%\" srcset=\"https:\/\/aeprilclinics.nl\/wp-content\/uploads\/2025\/11\/IMG_8565-768x1024.jpg 768w, https:\/\/aeprilclinics.nl\/wp-content\/uploads\/2025\/11\/IMG_8565-225x300.jpg 225w, https:\/\/aeprilclinics.nl\/wp-content\/uploads\/2025\/11\/IMG_8565-1152x1536.jpg 1152w, https:\/\/aeprilclinics.nl\/wp-content\/uploads\/2025\/11\/IMG_8565-1536x2048.jpg 1536w, https:\/\/aeprilclinics.nl\/wp-content\/uploads\/2025\/11\/IMG_8565-203x270.jpg 203w, https:\/\/aeprilclinics.nl\/wp-content\/uploads\/2025\/11\/IMG_8565-scaled.jpg 1920w\" sizes=\"auto, (max-width: 768px) 100vw, 768px\" \/><\/figure><\/div>\n\n<div class=\"wp-block-cover alignfull is-light wave\" style=\"margin-top:0;margin-bottom:0;padding-bottom:var(--wp--preset--spacing--30)\"><span aria-hidden=\"true\" class=\"wp-block-cover__background has-accent-background-color has-background-dim-100 has-background-dim\"><\/span><div class=\"wp-block-cover__inner-container has-global-padding is-layout-constrained wp-block-cover-is-layout-constrained\">\n<h2 class=\"wp-block-heading has-text-align-center\">\u00bfTe va bien PolyPhil Face para tu piel?<\/h2>\n\n\n\n<p class=\"has-text-align-center wp-block-paragraph\">\u00bfQuieres sobre todo mejorar la calidad de tu piel, pero no sabes si PolyPhil Face, Profhilo u otro tratamiento es el m\u00e1s adecuado para ti? Durante una consulta, examinaremos tu piel y hablaremos de lo que te gustar\u00eda mejorar. As\u00ed podremos aconsejarte de forma espec\u00edfica qu\u00e9 tratamiento se adapta mejor a tus necesidades.  <\/p>\n\n\n\n<div class=\"wp-block-buttons is-content-justification-center is-layout-flex wp-container-core-buttons-is-layout-0aa01211 wp-block-buttons-is-layout-flex\">\n<div class=\"wp-block-button\"><a class=\"wp-block-button__link has-base-color has-accent-3-background-color has-text-color has-background has-link-color wp-element-button\" href=\"https:\/\/aeprilclinics.nl\/es\/reserva-una-consulta-gratuita\/\">pedir cita<\/a><\/div>\n<\/div>\n<\/div><\/div>\n\n<style>.medical-review {\n        display: grid;\n        grid-template-columns: minmax(210px, 260px) minmax(0, 1fr);\n        gap: clamp(32px, 5vw, 72px);\n        align-items: start;\n        margin: 48px 0;\n        padding: clamp(32px, 5vw, 64px);\n        background: #f7f3ef;\n        border-radius: 32px;\n        color: #252321;\n    }\n\n    .medical-review__image {\n        width: 100%;\n        max-width: 260px;\n        margin: 0;\n    }\n\n    .medical-review__photo {\n        position: relative;\n        width: 100%;\n        aspect-ratio: 4 \/ 5;\n        overflow: hidden;\n        background: #eee9e4;\n        border-radius: 100px 100px 30px 30px;\n    }\n\n    .medical-review__photo img {\n        position: absolute !important;\n        inset: 0;\n        display: block !important;\n        width: 100% !important;\n        max-width: none !important;\n        height: 100% !important;\n        min-height: 100% !important;\n        margin: 0 !important;\n        padding: 0 !important;\n        object-fit: cover !important;\n        object-position: center 20% !important;\n        border: 0 !important;\n        border-radius: 0 !important;\n    }\n\n    .medical-review__identity {\n        display: block;\n        margin-top: 20px;\n    }\n\n    .medical-review__name {\n        display: block;\n        margin-bottom: 4px;\n        color: #252321;\n        font-size: 18px;\n        font-weight: 700;\n        line-height: 1.4;\n    }\n\n    .medical-review__role {\n        display: block;\n        color: #655f5a;\n        font-size: 15px;\n        line-height: 1.55;\n    }\n\n    .medical-review__quote {\n        position: relative;\n        margin: 26px 0 0;\n        padding: 0 0 0 18px;\n        color: #393633;\n        font-size: 17px;\n        font-style: italic;\n        line-height: 1.65;\n        border-left: 2px solid #d6bfa7;\n    }\n\n    .medical-review__quote cite {\n        display: block;\n        margin-top: 8px;\n        color: #77706a;\n        font-size: 13px;\n        font-style: normal;\n    }\n\n    .medical-review__content {\n        min-width: 0;\n    }\n\n    .medical-review__label {\n        display: inline-flex;\n        align-items: center;\n        margin-bottom: 18px;\n        padding: 8px 14px;\n        background: #d6bfa7;\n        color: #252321;\n        font-size: 14px;\n        font-weight: 700;\n        line-height: 1;\n        letter-spacing: 0.08em;\n        text-transform: uppercase;\n    }\n\n    .medical-review__content h2 {\n        margin: 0 0 24px;\n        color: #252321;\n        font-family: Georgia, \"Times New Roman\", serif;\n        font-size: clamp(34px, 4vw, 54px);\n        font-weight: 400;\n        line-height: 1.12;\n    }\n\n    .medical-review__content > p {\n        max-width: 1050px;\n        margin: 0 0 20px;\n        color: #2c2927;\n        font-size: 18px;\n        line-height: 1.75;\n    }\n\n    .medical-review a {\n        color: #94765f;\n        font-weight: 600;\n        text-decoration-thickness: 1px;\n        text-underline-offset: 3px;\n    }\n\n    .medical-review a:hover,\n    .medical-review a:focus-visible {\n        color: #6f5541;\n    }\n\n    .medical-review__specialisms {\n        margin-top: 28px;\n    }\n\n    .medical-review__specialisms-title {\n        display: block;\n        margin-bottom: 12px;\n        color: #252321;\n        font-size: 15px;\n        font-weight: 700;\n    }\n\n    .medical-review__specialisms-list {\n        display: flex;\n        flex-wrap: wrap;\n        gap: 10px;\n        margin: 0;\n        padding: 0;\n        list-style: none;\n    }\n\n    .medical-review__specialisms-list li {\n        margin: 0;\n        padding: 0;\n        list-style: none;\n    }\n\n    .medical-review__specialisms-list a {\n        display: inline-flex;\n        align-items: center;\n        justify-content: center;\n        padding: 9px 14px;\n        background: #eee4da;\n        border: 1px solid transparent;\n        border-radius: 999px;\n        color: #3b3734;\n        font-size: 14px;\n        font-weight: 600;\n        line-height: 1.2;\n        text-decoration: none;\n        transition:\n            background-color 0.2s ease,\n            border-color 0.2s ease,\n            color 0.2s ease,\n            transform 0.2s ease;\n    }\n\n    .medical-review__specialisms-list a:hover,\n    .medical-review__specialisms-list a:focus-visible {\n        background: #d6bfa7;\n        border-color: #c7aa8e;\n        color: #252321;\n        transform: translateY(-1px);\n    }\n\n    .medical-review__meta {\n        display: grid;\n        grid-template-columns: repeat(2, minmax(0, 1fr));\n        gap: 20px 40px;\n        margin-top: 34px;\n        padding-top: 30px;\n        border-top: 1px solid #ded7d0;\n    }\n\n    .medical-review__meta-item {\n        display: flex;\n        gap: 16px;\n        align-items: center;\n        min-width: 0;\n    }\n\n    .medical-review__meta-item p {\n        margin: 0;\n        color: #2c2927;\n        font-size: 16px;\n        line-height: 1.55;\n    }\n\n    .medical-review__icon {\n        display: inline-flex;\n        flex: 0 0 52px;\n        align-items: center;\n        justify-content: center;\n        width: 52px;\n        height: 52px;\n        background: #eee3d7;\n        border-radius: 50%;\n        color: #252321;\n    }\n\n    .medical-review__icon svg {\n        width: 24px;\n        height: 24px;\n        fill: none;\n        stroke: currentColor;\n        stroke-width: 1.8;\n        stroke-linecap: round;\n        stroke-linejoin: round;\n    }\n\n    .medical-review__links {\n        display: flex;\n        flex-wrap: wrap;\n        gap: 14px 28px;\n        align-items: center;\n        margin-top: 30px;\n    }\n\n    .medical-review__button {\n        display: inline-flex;\n        align-items: center;\n        justify-content: center;\n        min-height: 48px;\n        padding: 12px 20px;\n        background: #252321;\n        border: 1px solid #252321;\n        border-radius: 999px;\n        color: #ffffff !important;\n        font-size: 15px;\n        font-weight: 700;\n        line-height: 1.2;\n        text-align: center;\n        text-decoration: none !important;\n        transition:\n            background-color 0.2s ease,\n            color 0.2s ease;\n    }\n\n    .medical-review__button:hover,\n    .medical-review__button:focus-visible {\n        background: transparent;\n        color: #252321 !important;\n    }\n\n    .medical-review__text-link {\n        font-size: 15px;\n    }\n\n    @media (max-width: 900px) {\n        .medical-review {\n            grid-template-columns: 1fr;\n            gap: 36px;\n            border-radius: 24px;\n        }\n\n        .medical-review__image {\n            max-width: 240px;\n        }\n\n        .medical-review__content h2 {\n            font-size: clamp(32px, 7vw, 46px);\n        }\n    }\n\n    @media (max-width: 600px) {\n        .medical-review {\n            margin: 32px 0;\n            padding: 28px 22px;\n            border-radius: 22px;\n        }\n\n        .medical-review__image {\n            max-width: 220px;\n            margin-inline: auto;\n        }\n\n        .medical-review__content h2 {\n            margin-bottom: 20px;\n            font-size: 32px;\n            line-height: 1.16;\n        }\n\n        .medical-review__content > p {\n            font-size: 16px;\n            line-height: 1.7;\n        }\n\n        .medical-review__specialisms-list {\n            gap: 8px;\n        }\n\n        .medical-review__specialisms-list a {\n            padding: 8px 12px;\n            font-size: 13px;\n        }\n\n        .medical-review__meta {\n            grid-template-columns: 1fr;\n            gap: 20px;\n        }\n\n        .medical-review__links {\n            flex-direction: column;\n            align-items: stretch;\n        }\n\n        .medical-review__button {\n            width: 100%;\n        }\n\n        .medical-review__text-link {\n            display: inline-block;\n        }\n    }\n<\/style><aside class=\"medical-review\" aria-labelledby=\"medical-review-title\"><figure class=\"medical-review__image\"><div class=\"medical-review__photo\"><img decoding=\"async\" src=\"https:\/\/aeprilclinics.nl\/wp-content\/uploads\/2026\/07\/BN4A8634-scaled-1.jpg\" alt=\"Drs. Elnaz Alagha, BIG-geregistreerd cosmetisch arts en medisch directrice van Aepril Clinics\" loading=\"lazy\"\/><\/div><figcaption class=\"medical-review__identity\"><span class=\"medical-review__name\">drs. Elnaz Alagha\n            <\/span><span class=\"medical-review__role\">BIG-geregistreerd cosmetisch arts<br\/>Eigenaresse en medisch directrice\n            <\/span><\/figcaption><blockquote class=\"medical-review__quote\">\u201cSoms is geen behandeling de beste behandeling.\u201d\n            <cite>\u2014 drs. Elnaz Alagha<\/cite><\/blockquote><\/figure><div class=\"medical-review__content\"><span class=\"medical-review__label\">Medisch gecontroleerd\n        <\/span><h2 id=\"medical-review-title\">Medisch gecontroleerd door drs. Elnaz Alagha\n        <\/h2><p>De medische informatie op deze pagina is gecontroleerd door\n            <a href=\"https:\/\/aeprilclinics.nl\/es\/doctor-elnaz-alagha\/\">drs. Elnaz Alagha\n            <\/a>,\n            BIG-geregistreerd cosmetisch arts, eigenaresse en medisch\n            directrice van Aepril Cosmetic Clinics.\n        <\/p><p>Drs. Elnaz Alagha beoordeelt de informatie op deze pagina op\n            medische juistheid, actualiteit en wetenschappelijke onderbouwing.\n            De inhoud wordt periodiek herzien aan de hand van relevante\n            medische inzichten en geldende kwaliteitskaders binnen de\n            cosmetische geneeskunde.\n        <\/p><div class=\"medical-review__specialisms\"><span class=\"medical-review__specialisms-title\">Specialisaties\n            <\/span><ul class=\"medical-review__specialisms-list\"><li><a href=\"https:\/\/aeprilclinics.nl\/es\/botox\/\">Botulinetoxine\n                    <\/a><\/li><li><a href=\"https:\/\/aeprilclinics.nl\/es\/rellenos-2\/\">Fillers\n                    <\/a><\/li><li><a href=\"https:\/\/aeprilclinics.nl\/es\/mejora-de-la-piel\/\">Skinboosters\n                    <\/a><\/li><li><a href=\"https:\/\/aeprilclinics.nl\/es\/mejora-de-la-piel\/\">Biostimulatoren\n                    <\/a><\/li><li><a href=\"https:\/\/aeprilclinics.nl\/es\/perdida-de-peso-medica-con-inyecciones\/\">Medisch afvallen\n                    <\/a><\/li><\/ul><\/div><div class=\"medical-review__meta\"><div class=\"medical-review__meta-item\"><span class=\"medical-review__icon\" aria-hidden=\"true\"><svg viewbox=\"0 0 24 24\"><rect x=\"3\" y=\"5\" width=\"18\" height=\"16\" rx=\"2\"><\/rect><path d=\"M8 3v4\"><\/path><path d=\"M16 3v4\"><\/path><path d=\"M3 10h18\"><\/path><path d=\"M8 14h3v3H8z\"><\/path><\/svg><\/span><p><strong>Laatst medisch beoordeeld:<\/strong><br\/><time datetime=\"2026-07-26\">26 juli 2026\n                    <\/time><\/p><\/div><div class=\"medical-review__meta-item\"><span class=\"medical-review__icon\" aria-hidden=\"true\"><svg viewbox=\"0 0 24 24\"><path d=\"M12 3l7 3v5c0 4.8-2.9 8.7-7 10-4.1-1.3-7-5.2-7-10V6l7-3z\"><\/path><path d=\"M9 12l2 2 4-5\"><\/path><\/svg><\/span><p><strong>BIG-nummer:<\/strong><br\/>09932325201\n                <\/p><\/div><\/div><nav class=\"medical-review__links\" aria-label=\"Informatie over de medisch reviewer\"><a class=\"medical-review__button\" href=\"https:\/\/aeprilclinics.nl\/es\/doctor-elnaz-alagha\/\">Bekijk het profiel van drs. Elnaz Alagha\n            <\/a><a class=\"medical-review__text-link\" href=\"https:\/\/zoeken.bigregister.nl\/zorgverlener\/f35d0627-bb20-405c-8b19-e61f66d43c35\" target=\"_blank\" rel=\"noopener noreferrer\">Controleer de BIG-registratie\n            <\/a><a class=\"medical-review__text-link\" href=\"https:\/\/aeprilclinics.nl\/es\/informacion-medica\/\">Lees onze medische kwaliteitskaders\n            <\/a><\/nav><\/div><\/aside>\n","protected":false},"excerpt":{"rendered":"<p>Una piel m\u00e1s seca, apagada o menos firme no siempre necesita volumen. A veces lo que m\u00e1s te interesa es mejorar la calidad de tu piel. PolyPhil Face se centra precisamente en eso y funciona con polinucle\u00f3tidos, tambi\u00e9n conocidos como&#8230;<\/p>\n","protected":false},"author":14,"featured_media":6837,"comment_status":"closed","ping_status":"open","sticky":false,"template":"","format":"standard","meta":{"_acf_changed":false,"footnotes":""},"categories":[209],"tags":[],"class_list":["post-19221","post","type-post","status-publish","format-standard","has-post-thumbnail","hentry","category-mejora-de-la-piel"],"acf":[],"yoast_head":"<!-- This site is optimized with the Yoast SEO plugin v28.2 - https:\/\/yoast.com\/product\/yoast-seo-wordpress\/ -->\n<title>PolyPhil Face: ADN de salm\u00f3n para tu cara - Aepril<\/title>\n<meta name=\"description\" content=\"\u00bfQu\u00e9 hace PolyPhil Face por tu piel? Descubre c\u00f3mo act\u00faa el ADN de salm\u00f3n con polinucle\u00f3tidos, para qu\u00e9 problemas cut\u00e1neos es adecuado y qu\u00e9 puedes esperar.\" \/>\n<meta name=\"robots\" content=\"index, follow, max-snippet:-1, max-image-preview:large, max-video-preview:-1\" \/>\n<link rel=\"canonical\" href=\"https:\/\/aeprilclinics.nl\/es\/2026\/08\/31\/polyphil-face-adn-de-salmon-para-tu-cara\/\" \/>\n<meta property=\"og:locale\" content=\"es_ES\" \/>\n<meta property=\"og:type\" content=\"article\" \/>\n<meta property=\"og:title\" content=\"PolyPhil Face: ADN de salm\u00f3n para tu cara - Aepril\" \/>\n<meta property=\"og:description\" content=\"\u00bfQu\u00e9 hace PolyPhil Face por tu piel? Descubre c\u00f3mo act\u00faa el ADN de salm\u00f3n con polinucle\u00f3tidos, para qu\u00e9 problemas cut\u00e1neos es adecuado y qu\u00e9 puedes esperar.\" \/>\n<meta property=\"og:url\" content=\"https:\/\/aeprilclinics.nl\/es\/2026\/08\/31\/polyphil-face-adn-de-salmon-para-tu-cara\/\" \/>\n<meta property=\"og:site_name\" content=\"Aepril\" \/>\n<meta property=\"article:published_time\" content=\"2026-08-31T08:55:00+00:00\" \/>\n<meta property=\"article:modified_time\" content=\"2026-08-31T08:56:14+00:00\" \/>\n<meta property=\"og:image\" content=\"https:\/\/aeprilclinics.nl\/wp-content\/uploads\/2026\/05\/Profhilo-stralende-huid-2.png\" \/>\n\t<meta property=\"og:image:width\" content=\"1448\" \/>\n\t<meta property=\"og:image:height\" content=\"1086\" \/>\n\t<meta property=\"og:image:type\" content=\"image\/png\" \/>\n<meta name=\"author\" content=\"aeprilclinics\" \/>\n<meta name=\"twitter:card\" content=\"summary_large_image\" \/>\n<meta name=\"twitter:label1\" content=\"Escrito por\" \/>\n\t<meta name=\"twitter:data1\" content=\"aeprilclinics\" \/>\n\t<meta name=\"twitter:label2\" content=\"Tiempo de lectura\" \/>\n\t<meta name=\"twitter:data2\" content=\"5 minutos\" \/>\n<script type=\"application\/ld+json\" class=\"yoast-schema-graph\">{\"@context\":\"https:\\\/\\\/schema.org\",\"@graph\":[{\"@type\":\"Article\",\"@id\":\"https:\\\/\\\/aeprilclinics.nl\\\/es\\\/2026\\\/08\\\/31\\\/polyphil-face-adn-de-salmon-para-tu-cara\\\/#article\",\"isPartOf\":{\"@id\":\"https:\\\/\\\/aeprilclinics.nl\\\/es\\\/2026\\\/08\\\/31\\\/polyphil-face-adn-de-salmon-para-tu-cara\\\/\"},\"author\":{\"name\":\"aeprilclinics\",\"@id\":\"https:\\\/\\\/aeprilclinics.nl\\\/es\\\/#\\\/schema\\\/person\\\/f54a59cea7d70709dda289bfad6820a2\"},\"headline\":\"PolyPhil Face: ADN de salm\u00f3n para tu cara\",\"datePublished\":\"2026-08-31T08:55:00+00:00\",\"dateModified\":\"2026-08-31T08:56:14+00:00\",\"mainEntityOfPage\":{\"@id\":\"https:\\\/\\\/aeprilclinics.nl\\\/es\\\/2026\\\/08\\\/31\\\/polyphil-face-adn-de-salmon-para-tu-cara\\\/\"},\"wordCount\":984,\"image\":{\"@id\":\"https:\\\/\\\/aeprilclinics.nl\\\/es\\\/2026\\\/08\\\/31\\\/polyphil-face-adn-de-salmon-para-tu-cara\\\/#primaryimage\"},\"thumbnailUrl\":\"https:\\\/\\\/aeprilclinics.nl\\\/wp-content\\\/uploads\\\/2026\\\/05\\\/Profhilo-stralende-huid-2.png\",\"articleSection\":[\"Mejora de la piel\"],\"inLanguage\":\"es\"},{\"@type\":\"WebPage\",\"@id\":\"https:\\\/\\\/aeprilclinics.nl\\\/es\\\/2026\\\/08\\\/31\\\/polyphil-face-adn-de-salmon-para-tu-cara\\\/\",\"url\":\"https:\\\/\\\/aeprilclinics.nl\\\/es\\\/2026\\\/08\\\/31\\\/polyphil-face-adn-de-salmon-para-tu-cara\\\/\",\"name\":\"PolyPhil Face: ADN de salm\u00f3n para tu cara - Aepril\",\"isPartOf\":{\"@id\":\"https:\\\/\\\/aeprilclinics.nl\\\/es\\\/#website\"},\"primaryImageOfPage\":{\"@id\":\"https:\\\/\\\/aeprilclinics.nl\\\/es\\\/2026\\\/08\\\/31\\\/polyphil-face-adn-de-salmon-para-tu-cara\\\/#primaryimage\"},\"image\":{\"@id\":\"https:\\\/\\\/aeprilclinics.nl\\\/es\\\/2026\\\/08\\\/31\\\/polyphil-face-adn-de-salmon-para-tu-cara\\\/#primaryimage\"},\"thumbnailUrl\":\"https:\\\/\\\/aeprilclinics.nl\\\/wp-content\\\/uploads\\\/2026\\\/05\\\/Profhilo-stralende-huid-2.png\",\"datePublished\":\"2026-08-31T08:55:00+00:00\",\"dateModified\":\"2026-08-31T08:56:14+00:00\",\"author\":{\"@id\":\"https:\\\/\\\/aeprilclinics.nl\\\/es\\\/#\\\/schema\\\/person\\\/f54a59cea7d70709dda289bfad6820a2\"},\"description\":\"\u00bfQu\u00e9 hace PolyPhil Face por tu piel? Descubre c\u00f3mo act\u00faa el ADN de salm\u00f3n con polinucle\u00f3tidos, para qu\u00e9 problemas cut\u00e1neos es adecuado y qu\u00e9 puedes esperar.\",\"breadcrumb\":{\"@id\":\"https:\\\/\\\/aeprilclinics.nl\\\/es\\\/2026\\\/08\\\/31\\\/polyphil-face-adn-de-salmon-para-tu-cara\\\/#breadcrumb\"},\"inLanguage\":\"es\",\"potentialAction\":[{\"@type\":\"ReadAction\",\"target\":[\"https:\\\/\\\/aeprilclinics.nl\\\/es\\\/2026\\\/08\\\/31\\\/polyphil-face-adn-de-salmon-para-tu-cara\\\/\"]}]},{\"@type\":\"ImageObject\",\"inLanguage\":\"es\",\"@id\":\"https:\\\/\\\/aeprilclinics.nl\\\/es\\\/2026\\\/08\\\/31\\\/polyphil-face-adn-de-salmon-para-tu-cara\\\/#primaryimage\",\"url\":\"https:\\\/\\\/aeprilclinics.nl\\\/wp-content\\\/uploads\\\/2026\\\/05\\\/Profhilo-stralende-huid-2.png\",\"contentUrl\":\"https:\\\/\\\/aeprilclinics.nl\\\/wp-content\\\/uploads\\\/2026\\\/05\\\/Profhilo-stralende-huid-2.png\",\"width\":1448,\"height\":1086},{\"@type\":\"BreadcrumbList\",\"@id\":\"https:\\\/\\\/aeprilclinics.nl\\\/es\\\/2026\\\/08\\\/31\\\/polyphil-face-adn-de-salmon-para-tu-cara\\\/#breadcrumb\",\"itemListElement\":[{\"@type\":\"ListItem\",\"position\":1,\"name\":\"Home\",\"item\":\"https:\\\/\\\/aeprilclinics.nl\\\/es\\\/\"},{\"@type\":\"ListItem\",\"position\":2,\"name\":\"PolyPhil Face: ADN de salm\u00f3n para tu cara\"}]},{\"@type\":\"WebSite\",\"@id\":\"https:\\\/\\\/aeprilclinics.nl\\\/es\\\/#website\",\"url\":\"https:\\\/\\\/aeprilclinics.nl\\\/es\\\/\",\"name\":\"Aepril\",\"description\":\"\",\"potentialAction\":[{\"@type\":\"SearchAction\",\"target\":{\"@type\":\"EntryPoint\",\"urlTemplate\":\"https:\\\/\\\/aeprilclinics.nl\\\/es\\\/?s={search_term_string}\"},\"query-input\":{\"@type\":\"PropertyValueSpecification\",\"valueRequired\":true,\"valueName\":\"search_term_string\"}}],\"inLanguage\":\"es\"},{\"@type\":\"Person\",\"@id\":\"https:\\\/\\\/aeprilclinics.nl\\\/es\\\/#\\\/schema\\\/person\\\/f54a59cea7d70709dda289bfad6820a2\",\"name\":\"aeprilclinics\",\"image\":{\"@type\":\"ImageObject\",\"inLanguage\":\"es\",\"@id\":\"https:\\\/\\\/secure.gravatar.com\\\/avatar\\\/659a22d1778d4ca93e9b66b745d250e5d0b6b87ede9ac55c337bbd0d73003c44?s=96&d=mm&r=g\",\"url\":\"https:\\\/\\\/secure.gravatar.com\\\/avatar\\\/659a22d1778d4ca93e9b66b745d250e5d0b6b87ede9ac55c337bbd0d73003c44?s=96&d=mm&r=g\",\"contentUrl\":\"https:\\\/\\\/secure.gravatar.com\\\/avatar\\\/659a22d1778d4ca93e9b66b745d250e5d0b6b87ede9ac55c337bbd0d73003c44?s=96&d=mm&r=g\",\"caption\":\"aeprilclinics\"},\"url\":\"https:\\\/\\\/aeprilclinics.nl\\\/es\\\/author\\\/aeprilclinics\\\/\"}]}<\/script>\n<!-- \/ Yoast SEO plugin. -->","yoast_head_json":{"title":"PolyPhil Face: ADN de salm\u00f3n para tu cara - Aepril","description":"\u00bfQu\u00e9 hace PolyPhil Face por tu piel? Descubre c\u00f3mo act\u00faa el ADN de salm\u00f3n con polinucle\u00f3tidos, para qu\u00e9 problemas cut\u00e1neos es adecuado y qu\u00e9 puedes esperar.","robots":{"index":"index","follow":"follow","max-snippet":"max-snippet:-1","max-image-preview":"max-image-preview:large","max-video-preview":"max-video-preview:-1"},"canonical":"https:\/\/aeprilclinics.nl\/es\/2026\/08\/31\/polyphil-face-adn-de-salmon-para-tu-cara\/","og_locale":"es_ES","og_type":"article","og_title":"PolyPhil Face: ADN de salm\u00f3n para tu cara - Aepril","og_description":"\u00bfQu\u00e9 hace PolyPhil Face por tu piel? Descubre c\u00f3mo act\u00faa el ADN de salm\u00f3n con polinucle\u00f3tidos, para qu\u00e9 problemas cut\u00e1neos es adecuado y qu\u00e9 puedes esperar.","og_url":"https:\/\/aeprilclinics.nl\/es\/2026\/08\/31\/polyphil-face-adn-de-salmon-para-tu-cara\/","og_site_name":"Aepril","article_published_time":"2026-08-31T08:55:00+00:00","article_modified_time":"2026-08-31T08:56:14+00:00","og_image":[{"width":1448,"height":1086,"url":"https:\/\/aeprilclinics.nl\/wp-content\/uploads\/2026\/05\/Profhilo-stralende-huid-2.png","type":"image\/png"}],"author":"aeprilclinics","twitter_card":"summary_large_image","twitter_misc":{"Escrito por":"aeprilclinics","Tiempo de lectura":"5 minutos"},"schema":{"@context":"https:\/\/schema.org","@graph":[{"@type":"Article","@id":"https:\/\/aeprilclinics.nl\/es\/2026\/08\/31\/polyphil-face-adn-de-salmon-para-tu-cara\/#article","isPartOf":{"@id":"https:\/\/aeprilclinics.nl\/es\/2026\/08\/31\/polyphil-face-adn-de-salmon-para-tu-cara\/"},"author":{"name":"aeprilclinics","@id":"https:\/\/aeprilclinics.nl\/es\/#\/schema\/person\/f54a59cea7d70709dda289bfad6820a2"},"headline":"PolyPhil Face: ADN de salm\u00f3n para tu cara","datePublished":"2026-08-31T08:55:00+00:00","dateModified":"2026-08-31T08:56:14+00:00","mainEntityOfPage":{"@id":"https:\/\/aeprilclinics.nl\/es\/2026\/08\/31\/polyphil-face-adn-de-salmon-para-tu-cara\/"},"wordCount":984,"image":{"@id":"https:\/\/aeprilclinics.nl\/es\/2026\/08\/31\/polyphil-face-adn-de-salmon-para-tu-cara\/#primaryimage"},"thumbnailUrl":"https:\/\/aeprilclinics.nl\/wp-content\/uploads\/2026\/05\/Profhilo-stralende-huid-2.png","articleSection":["Mejora de la piel"],"inLanguage":"es"},{"@type":"WebPage","@id":"https:\/\/aeprilclinics.nl\/es\/2026\/08\/31\/polyphil-face-adn-de-salmon-para-tu-cara\/","url":"https:\/\/aeprilclinics.nl\/es\/2026\/08\/31\/polyphil-face-adn-de-salmon-para-tu-cara\/","name":"PolyPhil Face: ADN de salm\u00f3n para tu cara - Aepril","isPartOf":{"@id":"https:\/\/aeprilclinics.nl\/es\/#website"},"primaryImageOfPage":{"@id":"https:\/\/aeprilclinics.nl\/es\/2026\/08\/31\/polyphil-face-adn-de-salmon-para-tu-cara\/#primaryimage"},"image":{"@id":"https:\/\/aeprilclinics.nl\/es\/2026\/08\/31\/polyphil-face-adn-de-salmon-para-tu-cara\/#primaryimage"},"thumbnailUrl":"https:\/\/aeprilclinics.nl\/wp-content\/uploads\/2026\/05\/Profhilo-stralende-huid-2.png","datePublished":"2026-08-31T08:55:00+00:00","dateModified":"2026-08-31T08:56:14+00:00","author":{"@id":"https:\/\/aeprilclinics.nl\/es\/#\/schema\/person\/f54a59cea7d70709dda289bfad6820a2"},"description":"\u00bfQu\u00e9 hace PolyPhil Face por tu piel? Descubre c\u00f3mo act\u00faa el ADN de salm\u00f3n con polinucle\u00f3tidos, para qu\u00e9 problemas cut\u00e1neos es adecuado y qu\u00e9 puedes esperar.","breadcrumb":{"@id":"https:\/\/aeprilclinics.nl\/es\/2026\/08\/31\/polyphil-face-adn-de-salmon-para-tu-cara\/#breadcrumb"},"inLanguage":"es","potentialAction":[{"@type":"ReadAction","target":["https:\/\/aeprilclinics.nl\/es\/2026\/08\/31\/polyphil-face-adn-de-salmon-para-tu-cara\/"]}]},{"@type":"ImageObject","inLanguage":"es","@id":"https:\/\/aeprilclinics.nl\/es\/2026\/08\/31\/polyphil-face-adn-de-salmon-para-tu-cara\/#primaryimage","url":"https:\/\/aeprilclinics.nl\/wp-content\/uploads\/2026\/05\/Profhilo-stralende-huid-2.png","contentUrl":"https:\/\/aeprilclinics.nl\/wp-content\/uploads\/2026\/05\/Profhilo-stralende-huid-2.png","width":1448,"height":1086},{"@type":"BreadcrumbList","@id":"https:\/\/aeprilclinics.nl\/es\/2026\/08\/31\/polyphil-face-adn-de-salmon-para-tu-cara\/#breadcrumb","itemListElement":[{"@type":"ListItem","position":1,"name":"Home","item":"https:\/\/aeprilclinics.nl\/es\/"},{"@type":"ListItem","position":2,"name":"PolyPhil Face: ADN de salm\u00f3n para tu cara"}]},{"@type":"WebSite","@id":"https:\/\/aeprilclinics.nl\/es\/#website","url":"https:\/\/aeprilclinics.nl\/es\/","name":"Aepril","description":"","potentialAction":[{"@type":"SearchAction","target":{"@type":"EntryPoint","urlTemplate":"https:\/\/aeprilclinics.nl\/es\/?s={search_term_string}"},"query-input":{"@type":"PropertyValueSpecification","valueRequired":true,"valueName":"search_term_string"}}],"inLanguage":"es"},{"@type":"Person","@id":"https:\/\/aeprilclinics.nl\/es\/#\/schema\/person\/f54a59cea7d70709dda289bfad6820a2","name":"aeprilclinics","image":{"@type":"ImageObject","inLanguage":"es","@id":"https:\/\/secure.gravatar.com\/avatar\/659a22d1778d4ca93e9b66b745d250e5d0b6b87ede9ac55c337bbd0d73003c44?s=96&d=mm&r=g","url":"https:\/\/secure.gravatar.com\/avatar\/659a22d1778d4ca93e9b66b745d250e5d0b6b87ede9ac55c337bbd0d73003c44?s=96&d=mm&r=g","contentUrl":"https:\/\/secure.gravatar.com\/avatar\/659a22d1778d4ca93e9b66b745d250e5d0b6b87ede9ac55c337bbd0d73003c44?s=96&d=mm&r=g","caption":"aeprilclinics"},"url":"https:\/\/aeprilclinics.nl\/es\/author\/aeprilclinics\/"}]}},"_links":{"self":[{"href":"https:\/\/aeprilclinics.nl\/es\/wp-json\/wp\/v2\/posts\/19221","targetHints":{"allow":["GET"]}}],"collection":[{"href":"https:\/\/aeprilclinics.nl\/es\/wp-json\/wp\/v2\/posts"}],"about":[{"href":"https:\/\/aeprilclinics.nl\/es\/wp-json\/wp\/v2\/types\/post"}],"author":[{"embeddable":true,"href":"https:\/\/aeprilclinics.nl\/es\/wp-json\/wp\/v2\/users\/14"}],"replies":[{"embeddable":true,"href":"https:\/\/aeprilclinics.nl\/es\/wp-json\/wp\/v2\/comments?post=19221"}],"version-history":[{"count":3,"href":"https:\/\/aeprilclinics.nl\/es\/wp-json\/wp\/v2\/posts\/19221\/revisions"}],"predecessor-version":[{"id":19226,"href":"https:\/\/aeprilclinics.nl\/es\/wp-json\/wp\/v2\/posts\/19221\/revisions\/19226"}],"wp:featuredmedia":[{"embeddable":true,"href":"https:\/\/aeprilclinics.nl\/es\/wp-json\/wp\/v2\/media\/6837"}],"wp:attachment":[{"href":"https:\/\/aeprilclinics.nl\/es\/wp-json\/wp\/v2\/media?parent=19221"}],"wp:term":[{"taxonomy":"category","embeddable":true,"href":"https:\/\/aeprilclinics.nl\/es\/wp-json\/wp\/v2\/categories?post=19221"},{"taxonomy":"post_tag","embeddable":true,"href":"https:\/\/aeprilclinics.nl\/es\/wp-json\/wp\/v2\/tags?post=19221"}],"curies":[{"name":"wp","href":"https:\/\/api.w.org\/{rel}","templated":true}]}}